{"id":296568,"date":"2025-12-02T09:01:18","date_gmt":"2025-12-02T13:01:18","guid":{"rendered":"https:\/\/elluchador.info\/?p=296568"},"modified":"2025-12-02T09:01:22","modified_gmt":"2025-12-02T13:01:22","slug":"realizan-asamblea-de-emprendedores-culturales-en-bolivar","status":"publish","type":"post","link":"https:\/\/elluchador.info\/?p=296568","title":{"rendered":"Realizan asamblea de emprendedores culturales en Bol\u00edvar"},"content":{"rendered":"\n<p>\u200eEl sector cultural del estado Bol\u00edvar atendi\u00f3 el llamado del presidente Nicol\u00e1s Maduro, quien ha convocado a los diferentes grupos del pa\u00eds a participar en la Constituyente de Emprendedores, como espacio dise\u00f1ado para impulsar una transformaci\u00f3n social, profunda y colectiva.<br>\u200e<br>\u200eGracias a la gesti\u00f3n de la gobernadora Yulisbeth Garc\u00eda, la regi\u00f3n avanza en la construcci\u00f3n de un modelo econ\u00f3mico inclusivo, humano, sostenible y sustentable.<br>\u200e<br>\u200eEn sinergia con las l\u00edneas del Plan de la Patria y las 7 Transformaciones, la l\u00edder regional impulsa la pol\u00edtica nacional \u201cEmprender Juntos\u201d, sustentada en las 5C: Creer, Crear, Crecer, Consolidar y Contribuir.<br>\u200e<br>\u200eEste enfoque busca fomentar una cultura emprendedora arraigada en los valores comunitarios, la identidad cultural y la solidaridad productiva, especialmente en sectores como la econom\u00eda cultural, donde el talento, la tradici\u00f3n y la innovaci\u00f3n se entrelazan para generar el desarrollo local.<br>\u200e<br>\u200e<strong>Asamblea<\/strong><br>\u200e<br>\u200eEn una asamblea de emprendedores culturales, realizada en el Museo Correo del Orinoco, en el municipio Angostura del Orinoco, se escogieron las vocer\u00edas estadales.<br>\u200e<br>\u200eEste encuentro fue organizado por trabajadores culturales emprendedores y cont\u00f3 con la participaci\u00f3n del coordinador del Movimiento de Emprendedores Bol\u00edvar, Elvis Medina, y del profesor Neptal\u00ed Hurtado, secretario de Cultura, quienes aseguraron que la vocer\u00eda estadal\u00a0 representar\u00e1 a los emprendedores bolivarenses en las instancias regionales y nacionales de la Constituyente.<br>\u200e<br>\u200eEsta iniciativa reconoce los desaf\u00edos que enfrenta el sector emprendedor, particularmente en lo relativo al acceso a financiamiento, formaci\u00f3n, infraestructura y mercados.<br>\u200e<br>\u200eLa Constituyente de Emprendedores se erige como una oportunidad hist\u00f3rica para visibilizar propuestas desde la base, fortalecer redes productivas y colectivas, y avanzar en la creaci\u00f3n de nuevos modelos econ\u00f3micos que respondan a las necesidades reales de las comunidades.<br>\u200e<br>\u200eEl objetivo es la conformaci\u00f3n del Congreso Nacional Constituyente de los Emprendedores, con el prop\u00f3sito de consolidar una agenda program\u00e1tica articulada con los cuatro ejes orientadores: producci\u00f3n, innovaci\u00f3n, inclusi\u00f3n y soberan\u00eda.<br>\u200e<br><strong>\u200ePrensa Gobernaci\u00f3n de Bol\u00edvar<\/strong><\/p>\n","protected":false},"excerpt":{"rendered":"<p>\u200eEl sector cultural del estado Bol\u00edvar atendi\u00f3 el llamado del presidente Nicol\u00e1s Maduro, quien ha convocado a los diferentes grupos del pa\u00eds a participar en la Constituyente de Emprendedores, como espacio dise\u00f1ado para impulsar una transformaci\u00f3n social, profunda y colectiva.\u200e\u200eGracias a la gesti\u00f3n de la gobernadora Yulisbeth Garc\u00eda, la regi\u00f3n avanza en la construcci\u00f3n de [&hellip;]<\/p>\n","protected":false},"author":33,"featured_media":296569,"comment_status":"closed","ping_status":"closed","sticky":false,"template":"","format":"standard","meta":{"footnotes":""},"categories":[12],"tags":[185,306,1178,5480],"class_list":{"0":"post-296568","1":"post","2":"type-post","3":"status-publish","4":"format-standard","5":"has-post-thumbnail","7":"category-regionales","8":"tag-bolivar","9":"tag-ciudad-bolivar","10":"tag-ciudad-guayana","11":"tag-cultores"},"_links":{"self":[{"href":"https:\/\/elluchador.info\/index.php?rest_route=\/wp\/v2\/posts\/296568","targetHints":{"allow":["GET"]}}],"collection":[{"href":"https:\/\/elluchador.info\/index.php?rest_route=\/wp\/v2\/posts"}],"about":[{"href":"https:\/\/elluchador.info\/index.php?rest_route=\/wp\/v2\/types\/post"}],"author":[{"embeddable":true,"href":"https:\/\/elluchador.info\/index.php?rest_route=\/wp\/v2\/users\/33"}],"replies":[{"embeddable":true,"href":"https:\/\/elluchador.info\/index.php?rest_route=%2Fwp%2Fv2%2Fcomments&post=296568"}],"version-history":[{"count":1,"href":"https:\/\/elluchador.info\/index.php?rest_route=\/wp\/v2\/posts\/296568\/revisions"}],"predecessor-version":[{"id":296570,"href":"https:\/\/elluchador.info\/index.php?rest_route=\/wp\/v2\/posts\/296568\/revisions\/296570"}],"wp:featuredmedia":[{"embeddable":true,"href":"https:\/\/elluchador.info\/index.php?rest_route=\/wp\/v2\/media\/296569"}],"wp:attachment":[{"href":"https:\/\/elluchador.info\/index.php?rest_route=%2Fwp%2Fv2%2Fmedia&parent=296568"}],"wp:term":[{"taxonomy":"category","embeddable":true,"href":"https:\/\/elluchador.info\/index.php?rest_route=%2Fwp%2Fv2%2Fcategories&post=296568"},{"taxonomy":"post_tag","embeddable":true,"href":"https:\/\/elluchador.info\/index.php?rest_route=%2Fwp%2Fv2%2Ftags&post=296568"}],"curies":[{"name":"wp","href":"https:\/\/api.w.org\/{rel}","templated":true}]}}