{"id":296574,"date":"2025-12-02T10:52:45","date_gmt":"2025-12-02T14:52:45","guid":{"rendered":"https:\/\/elluchador.info\/?p=296574"},"modified":"2025-12-02T10:52:47","modified_gmt":"2025-12-02T14:52:47","slug":"venezuela-suspende-la-actividad-aerocomercial-de-air-europa-en-el-pais","status":"publish","type":"post","link":"https:\/\/elluchador.info\/?p=296574","title":{"rendered":"Venezuela suspende la actividad aerocomercial de Air Europa en el pa\u00eds"},"content":{"rendered":"\n<p>El Instituto Nacional de Aeron\u00e1utica Civil (INAC) de Venezuela ha suspendido, desde el lunes 1 de diciembre, a la aerol\u00ednea espa\u00f1ola Air Europa de toda actividad aerocomercial.<\/p>\n\n\n\n<p>Air Europa anunci\u00f3 el lunes que, de momento, iba a mantener canceladas sus operaciones en Venezuela hasta el pr\u00f3ximo d\u00eda 12 de diciembre y que iba a monitorizar la situaci\u00f3n actual \u00abde manera permanente\u00bb para prorrogar o no est\u00e1 suspensi\u00f3n en funci\u00f3n de la evoluci\u00f3n del espacio a\u00e9reo venezolano.<\/p>\n\n\n\n<p>La aerol\u00ednea del grupo Globalia, que opera entre Madrid y Caracas con cinco frecuencias semanales (los martes, jueves, viernes, s\u00e1bados y domingos), mantiene suspendida su actividad con Venezuela desde el pasado 25 de noviembre.<\/p>\n\n\n\n<p>La decisi\u00f3n de mantener cancelados sus vuelos se ha producido despu\u00e9s de que la Agencia Espa\u00f1ola de Seguridad A\u00e9rea (AESA) haya lanzado este lunes una nueva \u00abalta recomendaci\u00f3n\u00bb a los operadores civiles de no sobrevolar el FIR (las regiones en que se divide el espacio a\u00e9reo) del aeropuerto de Maiquet\u00eda, que da servicio a Caracas, hasta el 31 de diciembre.<\/p>\n\n\n\n<p>El nuevo aviso (\u2018NOTAM\u2019 en el argot aeron\u00e1utico) de la AESA se produce despu\u00e9s de que la Agencia Europea de Seguridad A\u00e9rea (EASA, en sus siglas en ingl\u00e9s) alertara el pasado s\u00e1bado sobre los riesgos de operar en Venezuela hasta el pr\u00f3ximo 31 de enero.<\/p>\n\n\n\n<p>El Gobierno de Nicol\u00e1s Maduro tambi\u00e9n ha suspendido desde el lunes la actividad aerocomercial en Venezuela de la aerol\u00ednea espa\u00f1ola Plus Ultra, que mantiene la cancelaci\u00f3n de sus vuelos a Caracas de momento hasta el pr\u00f3ximo 8 de diciembre, cuando evaluar\u00e1 la situaci\u00f3n para tomar una nueva decisi\u00f3n al respecto.<\/p>\n\n\n\n<p>Plus Ultra, que calcula que m\u00e1s de 3.000 pasajeros se han visto afectados por la cancelaci\u00f3n de sus vuelos con Venezuela hasta la fecha, est\u00e1 intentando reubicar a los que lo deseen en otros que tiene desde Colombia (Cartagena de Indias y Bogot\u00e1) a Madrid.<\/p>\n\n\n\n<p>Para ello est\u00e1 negociando con compa\u00f1\u00edas que mantienen su actividad en Venezuela con el fin de facilitar el traslado de esos pasajeros a Colombia, para conectar desde all\u00ed con sus vuelos a Espa\u00f1a.<\/p>\n\n\n\n<p>Con informaci\u00f3n <strong><em>Agencias.-<\/em><\/strong><\/p>\n","protected":false},"excerpt":{"rendered":"<p>El Instituto Nacional de Aeron\u00e1utica Civil (INAC) de Venezuela ha suspendido, desde el lunes 1 de diciembre, a la aerol\u00ednea espa\u00f1ola Air Europa de toda actividad aerocomercial. Air Europa anunci\u00f3 el lunes que, de momento, iba a mantener canceladas sus operaciones en Venezuela hasta el pr\u00f3ximo d\u00eda 12 de diciembre y que iba a monitorizar [&hellip;]<\/p>\n","protected":false},"author":33,"featured_media":296575,"comment_status":"closed","ping_status":"closed","sticky":false,"template":"","format":"standard","meta":{"footnotes":""},"categories":[5,9],"tags":[4387,105,136],"class_list":{"0":"post-296574","1":"post","2":"type-post","3":"status-publish","4":"format-standard","5":"has-post-thumbnail","7":"category-destacado","8":"category-nacionales","9":"tag-comercial","10":"tag-venezuela","11":"tag-vuelos"},"_links":{"self":[{"href":"https:\/\/elluchador.info\/index.php?rest_route=\/wp\/v2\/posts\/296574","targetHints":{"allow":["GET"]}}],"collection":[{"href":"https:\/\/elluchador.info\/index.php?rest_route=\/wp\/v2\/posts"}],"about":[{"href":"https:\/\/elluchador.info\/index.php?rest_route=\/wp\/v2\/types\/post"}],"author":[{"embeddable":true,"href":"https:\/\/elluchador.info\/index.php?rest_route=\/wp\/v2\/users\/33"}],"replies":[{"embeddable":true,"href":"https:\/\/elluchador.info\/index.php?rest_route=%2Fwp%2Fv2%2Fcomments&post=296574"}],"version-history":[{"count":1,"href":"https:\/\/elluchador.info\/index.php?rest_route=\/wp\/v2\/posts\/296574\/revisions"}],"predecessor-version":[{"id":296576,"href":"https:\/\/elluchador.info\/index.php?rest_route=\/wp\/v2\/posts\/296574\/revisions\/296576"}],"wp:featuredmedia":[{"embeddable":true,"href":"https:\/\/elluchador.info\/index.php?rest_route=\/wp\/v2\/media\/296575"}],"wp:attachment":[{"href":"https:\/\/elluchador.info\/index.php?rest_route=%2Fwp%2Fv2%2Fmedia&parent=296574"}],"wp:term":[{"taxonomy":"category","embeddable":true,"href":"https:\/\/elluchador.info\/index.php?rest_route=%2Fwp%2Fv2%2Fcategories&post=296574"},{"taxonomy":"post_tag","embeddable":true,"href":"https:\/\/elluchador.info\/index.php?rest_route=%2Fwp%2Fv2%2Ftags&post=296574"}],"curies":[{"name":"wp","href":"https:\/\/api.w.org\/{rel}","templated":true}]}}