{"id":296628,"date":"2025-12-02T18:32:00","date_gmt":"2025-12-02T22:32:00","guid":{"rendered":"https:\/\/elluchador.info\/?p=296628"},"modified":"2025-12-02T18:24:46","modified_gmt":"2025-12-02T22:24:46","slug":"inauguran-primera-planta-torrefactora-de-cafe-en-la-zee-de-la-guaira","status":"publish","type":"post","link":"https:\/\/elluchador.info\/?p=296628","title":{"rendered":"Inauguran primera planta torrefactora de caf\u00e9 en la ZEE de La Guaira"},"content":{"rendered":"\n<p>Un hito en el desarrollo agroindustrial del estado La Guaira se concret\u00f3 este martes con la inauguraci\u00f3n de Caribbean Caf\u00e9, la primera planta torrefactora de la entidad, ubicada en la Zona Econ\u00f3mica Especial (ZEE) de La Guaira, parroquia Catia La Mar.<\/p>\n\n\n\n<p>\u200bEl proyecto tiene como prop\u00f3sito seleccionar, tostar, moler y empacar caf\u00e9 con est\u00e1ndares internacionales, apuntando a consolidar la producci\u00f3n nacional para su inmediata exportaci\u00f3n. La planta concentrar\u00e1 la cosecha de caf\u00e9 en grano verde proveniente de distintas regiones del pa\u00eds, haciendo especial \u00e9nfasis en la producci\u00f3n de Carayaca.<\/p>\n\n\n\n<p><strong>\u200bTecnolog\u00eda venezolana y generaci\u00f3n de empleo<\/strong><br>\u200bLa operatividad de Caribbean Caf\u00e9 destaca por desarrollarse con un 80% de tecnolog\u00eda venezolana, un elemento que a\u00f1ade valor agregado al producto. Adem\u00e1s, la torrefactora impulsa el crecimiento social y econ\u00f3mico de la regi\u00f3n al generar 26 empleos directos y 104 indirectos para los habitantes de La Guaira.<\/p>\n\n\n\n<p>\u200bLa ministra para el Comercio Exterior, Coromoto Godoy, quien estuvo presente en el acto, expres\u00f3 su orgullo por la iniciativa:<br>\u200b\u00abEn Venezuela s\u00ed hay gente que apuesta a lo nuestro, con confianza, con compromiso y con una gran calidad, porque despu\u00e9s de hacer un recorrido, me siento muy orgullosa porque esta planta torrefactora es de alt\u00edsimo nivel. Es tecnolog\u00eda venezolana, y eso es valor agregado venezolano\u00bb.<\/p>\n\n\n\n<p>\u200b<strong>La Guaira: Epicentro exportador del caf\u00e9<\/strong><br>\u200bEl gobernador del estado, Jos\u00e9 Alejandro Ter\u00e1n, resalt\u00f3 la estrat\u00e9gica ubicaci\u00f3n de La Guaira, que le permite convertirse en un punto neur\u00e1lgico para el comercio exterior:<br>\u200b\u00abLa Guaira est\u00e1 m\u00e1s cerca del puerto y el aeropuerto, por eso tambi\u00e9n nos vamos a convertir en un gran exportador de caf\u00e9 gracias a esta gran empresa que nace hoy en el Litoral Central en el marco de esta gran estrategia (\u2026) denominada la Zona Econ\u00f3mica Especial de La Guaira y a los inversionistas que han cre\u00eddo en su tierra\u00bb.<\/p>\n\n\n\n<p>\u200bPor su parte, el superintendente de Zonas Econ\u00f3micas Especiales, Johann \u00c1lvarez, felicit\u00f3 a los inversionistas: \u00abLa determinaci\u00f3n es un elemento clave para el \u00e9xito, y en La Guaira se est\u00e1 construyendo el ejemplo de lo que es una Zona Econ\u00f3mica Especial\u00bb.<\/p>\n\n\n\n<p><strong>\u200bConsolidaci\u00f3n de la ZEE La Guaira<\/strong><br>\u200bEl proyecto Caribbean Caf\u00e9 se convierte en el proyecto n\u00famero 16 de la Zona Econ\u00f3mica Especial de La Guaira. Marcos Mel\u00e9ndez, autoridad \u00fanica de la ZEE, inform\u00f3 que esta es la primera iniciativa desarrollada y acompa\u00f1ada en su totalidad por los equipos t\u00e9cnicos y financieros de la instituci\u00f3n, lo que demuestra un modelo exitoso de gesti\u00f3n.<\/p>\n\n\n\n<p>\u200b\u00abEsto es parte de lo que la Zona Econ\u00f3mica Especial de La Guaira est\u00e1 permitiendo en el estado. Convertirse en un centro de captaci\u00f3n de caf\u00e9 para su procesamiento con valor agregado y aumentar la oferta exportadora del pa\u00eds\u00bb, sostuvo Mel\u00e9ndez.<\/p>\n\n\n\n<p>\u200bCon esta inauguraci\u00f3n, La Guaira se consolida como un nuevo epicentro de la producci\u00f3n y exportaci\u00f3n de caf\u00e9 venezolano, fortaleciendo la estrategia de diversificaci\u00f3n econ\u00f3mica y el impulso a la industria nacional.<br>\u200b<br>Con informaci\u00f3n de <strong>agencias<\/strong><\/p>\n","protected":false},"excerpt":{"rendered":"<p>Un hito en el desarrollo agroindustrial del estado La Guaira se concret\u00f3 este martes con la inauguraci\u00f3n de Caribbean Caf\u00e9, la primera planta torrefactora de la entidad, ubicada en la Zona Econ\u00f3mica Especial (ZEE) de La Guaira, parroquia Catia La Mar. \u200bEl proyecto tiene como prop\u00f3sito seleccionar, tostar, moler y empacar caf\u00e9 con est\u00e1ndares internacionales, [&hellip;]<\/p>\n","protected":false},"author":38,"featured_media":296629,"comment_status":"closed","ping_status":"closed","sticky":false,"template":"","format":"standard","meta":{"footnotes":""},"categories":[9],"tags":[105],"class_list":{"0":"post-296628","1":"post","2":"type-post","3":"status-publish","4":"format-standard","5":"has-post-thumbnail","7":"category-nacionales","8":"tag-venezuela"},"_links":{"self":[{"href":"https:\/\/elluchador.info\/index.php?rest_route=\/wp\/v2\/posts\/296628","targetHints":{"allow":["GET"]}}],"collection":[{"href":"https:\/\/elluchador.info\/index.php?rest_route=\/wp\/v2\/posts"}],"about":[{"href":"https:\/\/elluchador.info\/index.php?rest_route=\/wp\/v2\/types\/post"}],"author":[{"embeddable":true,"href":"https:\/\/elluchador.info\/index.php?rest_route=\/wp\/v2\/users\/38"}],"replies":[{"embeddable":true,"href":"https:\/\/elluchador.info\/index.php?rest_route=%2Fwp%2Fv2%2Fcomments&post=296628"}],"version-history":[{"count":1,"href":"https:\/\/elluchador.info\/index.php?rest_route=\/wp\/v2\/posts\/296628\/revisions"}],"predecessor-version":[{"id":296630,"href":"https:\/\/elluchador.info\/index.php?rest_route=\/wp\/v2\/posts\/296628\/revisions\/296630"}],"wp:featuredmedia":[{"embeddable":true,"href":"https:\/\/elluchador.info\/index.php?rest_route=\/wp\/v2\/media\/296629"}],"wp:attachment":[{"href":"https:\/\/elluchador.info\/index.php?rest_route=%2Fwp%2Fv2%2Fmedia&parent=296628"}],"wp:term":[{"taxonomy":"category","embeddable":true,"href":"https:\/\/elluchador.info\/index.php?rest_route=%2Fwp%2Fv2%2Fcategories&post=296628"},{"taxonomy":"post_tag","embeddable":true,"href":"https:\/\/elluchador.info\/index.php?rest_route=%2Fwp%2Fv2%2Ftags&post=296628"}],"curies":[{"name":"wp","href":"https:\/\/api.w.org\/{rel}","templated":true}]}}