{"id":296631,"date":"2025-12-02T18:42:00","date_gmt":"2025-12-02T22:42:00","guid":{"rendered":"https:\/\/elluchador.info\/?p=296631"},"modified":"2025-12-02T18:31:12","modified_gmt":"2025-12-02T22:31:12","slug":"instalan-equipo-regional-de-profesionales-y-tecnicos-del-estado-bolivar-en-caroni","status":"publish","type":"post","link":"https:\/\/elluchador.info\/?p=296631","title":{"rendered":"Instalan equipo regional de Profesionales y T\u00e9cnicos del Estado Bol\u00edvar en Caron\u00ed"},"content":{"rendered":"\n<p><sub><em><strong>Impulsar la discusi\u00f3n y ejecuci\u00f3n de las grandes transformaciones hacia un nuevo modelo de Gobernanza<\/strong><\/em><\/sub><\/p>\n\n\n\n<p>El Movimiento de Profesionales y T\u00e9cnicos del estado Bol\u00edvar, llev\u00f3 a cabo una importante asamblea con el prop\u00f3sito de instalar el equipo regional que ser\u00e1 responsable de conformar los equipos municipales en todo el estado Bol\u00edvar. Este evento representa un paso fundamental en la organizaci\u00f3n y fortalecimiento de la participaci\u00f3n social y t\u00e9cnica en la transformaci\u00f3n del modelo de gobernanza en la entidad.<\/p>\n\n\n\n<p>Dicho evento fue encabezado por el Dr. Reinaldo Maya, acompa\u00f1ado y designado por el Equipo Nacional del Movimiento, quien inform\u00f3 que esta iniciativa responde a una instrucci\u00f3n directa del Presidente Nicol\u00e1s Maduro. Maya resalt\u00f3 que \u00abhoy estamos dando cumplimiento a una directriz presidencial de impulsar la discusi\u00f3n y ejecuci\u00f3n de las grandes transformaciones hacia un nuevo modelo de Gobernanza, desde los Movimientos sociales, con una tarea llena de desaf\u00edos y de lealtad revolucionaria\u00bb.<\/p>\n\n\n\n<p>Durante la asamblea, se cont\u00f3 con la presencia de destacadas figuras del \u00e1mbito institucional y social, entre ellas el secretario general de gobierno de Bol\u00edvar, Rada Gamluch, el enlace de la juventud del PSUV, Anthony Salazar; y el joven diputado Stefan Gudi\u00f1o quien felicit\u00f3 al equipo regional del Movimiento de Profesionales y T\u00e9cnicos (PYT), a las distintas organizaciones que lo conforman, as\u00ed como al Dr. Reinaldo Maya por el \u00e9xito en la convocatoria y el nivel de organizaci\u00f3n alcanzado.<\/p>\n\n\n\n<p>Gudi\u00f1o expres\u00f3 que \u00abla Patria nos llama a jugar un papel hist\u00f3rico en nuestra Revoluci\u00f3n, donde ni las amenazas extranjeras nos frenan en el deseo de seguir construyendo la mayor suma de felicidad posible para nuestros hermanos venezolanos y defendiendo el legado de nuestros libertadores, en especial la Independencia Nacional que tanto cost\u00f3 a nuestros pr\u00f3ceres en Carabobo y que hoy, con el liderazgo del Presidente Nicol\u00e1s Maduro, seguimos resguardando\u00bb.<\/p>\n\n\n\n<p>El encuentro tambi\u00e9n sirvi\u00f3 para enfatizar que la discusi\u00f3n, el debate y la construcci\u00f3n de nuevas pol\u00edticas deben centrarse en los Circuitos Comunales y las Comunas, promoviendo as\u00ed una verdadera Revoluci\u00f3n desde los territorios, desde sus cimientos. Es tiempo de fortalecer la participaci\u00f3n popular, hacer la revoluci\u00f3n desde abajo y dejar atr\u00e1s las estructuras tradicionales que privilegian los apellidos o las jerarqu\u00edas externas.<\/p>\n\n\n\n<p>Este proceso reafirma el compromiso del Movimiento con la transformaci\u00f3n social, la participaci\u00f3n ciudadana y la construcci\u00f3n de un Estado m\u00e1s justo, inclusivo y revolucionario en el coraz\u00f3n del territorio bolivarense.<\/p>\n\n\n\n<p>Con informaci\u00f3n de <strong>Prensa<\/strong> <strong>Movimiento Profesionales y T\u00e9cnicos Bol\u00edvar<\/strong><\/p>\n","protected":false},"excerpt":{"rendered":"<p>Impulsar la discusi\u00f3n y ejecuci\u00f3n de las grandes transformaciones hacia un nuevo modelo de Gobernanza El Movimiento de Profesionales y T\u00e9cnicos del estado Bol\u00edvar, llev\u00f3 a cabo una importante asamblea con el prop\u00f3sito de instalar el equipo regional que ser\u00e1 responsable de conformar los equipos municipales en todo el estado Bol\u00edvar. Este evento representa un [&hellip;]<\/p>\n","protected":false},"author":38,"featured_media":296632,"comment_status":"closed","ping_status":"closed","sticky":false,"template":"","format":"standard","meta":{"footnotes":""},"categories":[12],"tags":[185,105],"class_list":{"0":"post-296631","1":"post","2":"type-post","3":"status-publish","4":"format-standard","5":"has-post-thumbnail","7":"category-regionales","8":"tag-bolivar","9":"tag-venezuela"},"_links":{"self":[{"href":"https:\/\/elluchador.info\/index.php?rest_route=\/wp\/v2\/posts\/296631","targetHints":{"allow":["GET"]}}],"collection":[{"href":"https:\/\/elluchador.info\/index.php?rest_route=\/wp\/v2\/posts"}],"about":[{"href":"https:\/\/elluchador.info\/index.php?rest_route=\/wp\/v2\/types\/post"}],"author":[{"embeddable":true,"href":"https:\/\/elluchador.info\/index.php?rest_route=\/wp\/v2\/users\/38"}],"replies":[{"embeddable":true,"href":"https:\/\/elluchador.info\/index.php?rest_route=%2Fwp%2Fv2%2Fcomments&post=296631"}],"version-history":[{"count":3,"href":"https:\/\/elluchador.info\/index.php?rest_route=\/wp\/v2\/posts\/296631\/revisions"}],"predecessor-version":[{"id":296635,"href":"https:\/\/elluchador.info\/index.php?rest_route=\/wp\/v2\/posts\/296631\/revisions\/296635"}],"wp:featuredmedia":[{"embeddable":true,"href":"https:\/\/elluchador.info\/index.php?rest_route=\/wp\/v2\/media\/296632"}],"wp:attachment":[{"href":"https:\/\/elluchador.info\/index.php?rest_route=%2Fwp%2Fv2%2Fmedia&parent=296631"}],"wp:term":[{"taxonomy":"category","embeddable":true,"href":"https:\/\/elluchador.info\/index.php?rest_route=%2Fwp%2Fv2%2Fcategories&post=296631"},{"taxonomy":"post_tag","embeddable":true,"href":"https:\/\/elluchador.info\/index.php?rest_route=%2Fwp%2Fv2%2Ftags&post=296631"}],"curies":[{"name":"wp","href":"https:\/\/api.w.org\/{rel}","templated":true}]}}