{"id":296650,"date":"2025-12-03T08:11:40","date_gmt":"2025-12-03T12:11:40","guid":{"rendered":"https:\/\/elluchador.info\/?p=296650"},"modified":"2025-12-03T08:11:48","modified_gmt":"2025-12-03T12:11:48","slug":"realizaron-encuentro-de-saberes-y-haceres-pedagogicos-culturales","status":"publish","type":"post","link":"https:\/\/elluchador.info\/?p=296650","title":{"rendered":"Realizaron \u201cEncuentro de Saberes y Haceres Pedag\u00f3gicos Culturales\u201d"},"content":{"rendered":"\n<p>\u200eDesde los espacios de la Alcald\u00eda de Angostura del Orinoco, en Ciudad Bol\u00edvar, se desarroll\u00f3 una jornada colmada de alegr\u00eda y hermandad junto a los ni\u00f1os y ni\u00f1as de las escuelas municipales.<br>\u200e<br>\u200eEl evento form\u00f3 parte del Encuentro de Saberes y Haceres Pedag\u00f3gicos Culturales, actividad que marc\u00f3 el cierre del primer momento del a\u00f1o escolar 2025-2026. Docentes y estudiantes presentaron muestras culturales, tradiciones y trabajos pedag\u00f3gicos que reafirmaron el compromiso con una educaci\u00f3n inclusiva y de calidad.<br>\u200e<br>\u200eLa jornada coincidi\u00f3 con el inicio del mes decembrino, una \u00e9poca de paz y uni\u00f3n familiar, y cont\u00f3 con el acompa\u00f1amiento institucional de la Gobernaci\u00f3n y la Alcald\u00eda, como parte de los esfuerzos por fortalecer la formaci\u00f3n integral de la comunidad escolar.<br>\u200e<br>\u200eMarisol Garc\u00eda, directora de Educaci\u00f3n Municipal, destac\u00f3 que, bajo la gesti\u00f3n del alcalde Sergio Hern\u00e1ndez, se contin\u00faa impulsando la formaci\u00f3n en valores y consolidando espacios que garanticen una educaci\u00f3n de primera para la ni\u00f1ez de Ciudad Bol\u00edvar.<br>\u200e<br><strong>\u200ePrensa Alcald\u00eda AO<\/strong><\/p>\n","protected":false},"excerpt":{"rendered":"<p>\u200eDesde los espacios de la Alcald\u00eda de Angostura del Orinoco, en Ciudad Bol\u00edvar, se desarroll\u00f3 una jornada colmada de alegr\u00eda y hermandad junto a los ni\u00f1os y ni\u00f1as de las escuelas municipales.\u200e\u200eEl evento form\u00f3 parte del Encuentro de Saberes y Haceres Pedag\u00f3gicos Culturales, actividad que marc\u00f3 el cierre del primer momento del a\u00f1o escolar 2025-2026. [&hellip;]<\/p>\n","protected":false},"author":33,"featured_media":296651,"comment_status":"closed","ping_status":"closed","sticky":false,"template":"","format":"standard","meta":{"footnotes":""},"categories":[5,20],"tags":[3392,185,306,5483],"class_list":{"0":"post-296650","1":"post","2":"type-post","3":"status-publish","4":"format-standard","5":"has-post-thumbnail","7":"category-destacado","8":"category-municipal","9":"tag-alcaldia-cbo","10":"tag-bolivar","11":"tag-ciudad-bolivar","12":"tag-saberes"},"_links":{"self":[{"href":"https:\/\/elluchador.info\/index.php?rest_route=\/wp\/v2\/posts\/296650","targetHints":{"allow":["GET"]}}],"collection":[{"href":"https:\/\/elluchador.info\/index.php?rest_route=\/wp\/v2\/posts"}],"about":[{"href":"https:\/\/elluchador.info\/index.php?rest_route=\/wp\/v2\/types\/post"}],"author":[{"embeddable":true,"href":"https:\/\/elluchador.info\/index.php?rest_route=\/wp\/v2\/users\/33"}],"replies":[{"embeddable":true,"href":"https:\/\/elluchador.info\/index.php?rest_route=%2Fwp%2Fv2%2Fcomments&post=296650"}],"version-history":[{"count":1,"href":"https:\/\/elluchador.info\/index.php?rest_route=\/wp\/v2\/posts\/296650\/revisions"}],"predecessor-version":[{"id":296652,"href":"https:\/\/elluchador.info\/index.php?rest_route=\/wp\/v2\/posts\/296650\/revisions\/296652"}],"wp:featuredmedia":[{"embeddable":true,"href":"https:\/\/elluchador.info\/index.php?rest_route=\/wp\/v2\/media\/296651"}],"wp:attachment":[{"href":"https:\/\/elluchador.info\/index.php?rest_route=%2Fwp%2Fv2%2Fmedia&parent=296650"}],"wp:term":[{"taxonomy":"category","embeddable":true,"href":"https:\/\/elluchador.info\/index.php?rest_route=%2Fwp%2Fv2%2Fcategories&post=296650"},{"taxonomy":"post_tag","embeddable":true,"href":"https:\/\/elluchador.info\/index.php?rest_route=%2Fwp%2Fv2%2Ftags&post=296650"}],"curies":[{"name":"wp","href":"https:\/\/api.w.org\/{rel}","templated":true}]}}