{"id":296707,"date":"2025-12-03T18:08:44","date_gmt":"2025-12-03T22:08:44","guid":{"rendered":"https:\/\/elluchador.info\/?p=296707"},"modified":"2025-12-03T18:08:47","modified_gmt":"2025-12-03T22:08:47","slug":"cvg-realizo-su-tradicional-encendido-navideno","status":"publish","type":"post","link":"https:\/\/elluchador.info\/?p=296707","title":{"rendered":"CVG realiz\u00f3 su tradicional encendido navide\u00f1o"},"content":{"rendered":"\n<p>Con la alegr\u00eda y el esp\u00edritu de fraternidad que caracterizan a la Navidad, la Corporaci\u00f3n Venezolana de Guayana (CVG) realiz\u00f3 su Tradicional Encendido Navide\u00f1o, un evento que, m\u00e1s all\u00e1 de las luces, encendi\u00f3 la llama de la unidad, la fe, la esperanza y el amor por Venezuela en el coraz\u00f3n de cada trabajador y familia guayanesa para celebrar juntos la \u00e9poca m\u00e1s bonita del a\u00f1o.<\/p>\n\n\n\n<p>El acto central, que se realiz\u00f3 en la Plaza Las Banderas y Parque La Navidad, estuvo presidido por el ministro de Desarrollo Minero Ecol\u00f3gico y presidente de la CVG, H\u00e9ctor Silva; la gobernadora del estado Bol\u00edvar, Yulisbeth Garc\u00eda; el gobernador del estado Guayana Esequiba, Neil Villamizar; el alcalde del municipio Caron\u00ed, Yanny Alonzo; y el vicepresidente de la Corporaci\u00f3n, M\/G Santiago Infante, acompa\u00f1ados de la alta gerencia de Casa Matriz, los presidentes de las empresas tuteladas, los trabajadores y trabajadoras, medios de comunicaci\u00f3n, autoridades del sector Minero e invitados especiales.<\/p>\n\n\n\n<p>En sus palabras de bienvenida, el titular de la Corporaci\u00f3n, H\u00e9ctor Silva, agradeci\u00f3 la participaci\u00f3n de la fuerza laboral y del pueblo guayan\u00e9s, resaltando que este \u201cya es nuestro tercer encendido en Guayana, en esta Corporaci\u00f3n\u201d. <\/p>\n\n\n<div class=\"wp-block-image\">\n<figure class=\"aligncenter size-full is-resized\"><img loading=\"lazy\" decoding=\"async\" width=\"1024\" height=\"576\" src=\"https:\/\/elluchador.info\/wp-content\/uploads\/2025\/12\/fda94ea9-f1c7-4315-aec3-43c2fec9b425.jpeg\" alt=\"\" class=\"wp-image-296708\" style=\"width:668px;height:auto\" srcset=\"https:\/\/elluchador.info\/wp-content\/uploads\/2025\/12\/fda94ea9-f1c7-4315-aec3-43c2fec9b425.jpeg 1024w, https:\/\/elluchador.info\/wp-content\/uploads\/2025\/12\/fda94ea9-f1c7-4315-aec3-43c2fec9b425-300x169.jpeg 300w, https:\/\/elluchador.info\/wp-content\/uploads\/2025\/12\/fda94ea9-f1c7-4315-aec3-43c2fec9b425-768x432.jpeg 768w, https:\/\/elluchador.info\/wp-content\/uploads\/2025\/12\/fda94ea9-f1c7-4315-aec3-43c2fec9b425-150x84.jpeg 150w, https:\/\/elluchador.info\/wp-content\/uploads\/2025\/12\/fda94ea9-f1c7-4315-aec3-43c2fec9b425-696x392.jpeg 696w\" sizes=\"auto, (max-width: 1024px) 100vw, 1024px\" \/><\/figure>\n<\/div>\n\n\n<p>Bajo esta premisa, el ministro se\u00f1al\u00f3 que, como lo ha dicho el presidente, Nicol\u00e1s Maduro, \u201cnuestras tradiciones son nuestra verdadera soberan\u00eda. Con este encendido queremos demostrar esta soberan\u00eda a trav\u00e9s de nuestros s\u00edmbolos. La Navidad es un momento de armon\u00eda, es un momento de familia, es un momento de grandes abrazos, y yo me considero hoy parte de esta familia guayanesa, y de esta familia de la CVG\u00bb.<\/p>\n\n\n<div class=\"wp-block-image\">\n<figure class=\"aligncenter size-large is-resized\"><img loading=\"lazy\" decoding=\"async\" width=\"1024\" height=\"673\" src=\"https:\/\/elluchador.info\/wp-content\/uploads\/2025\/12\/d511b581-cee7-4e16-8c09-0c8b1a2da1c9-1024x673.jpeg\" alt=\"\" class=\"wp-image-296709\" style=\"aspect-ratio:1.5215713065755765;width:666px;height:auto\" srcset=\"https:\/\/elluchador.info\/wp-content\/uploads\/2025\/12\/d511b581-cee7-4e16-8c09-0c8b1a2da1c9-1024x673.jpeg 1024w, https:\/\/elluchador.info\/wp-content\/uploads\/2025\/12\/d511b581-cee7-4e16-8c09-0c8b1a2da1c9-300x197.jpeg 300w, https:\/\/elluchador.info\/wp-content\/uploads\/2025\/12\/d511b581-cee7-4e16-8c09-0c8b1a2da1c9-768x505.jpeg 768w, https:\/\/elluchador.info\/wp-content\/uploads\/2025\/12\/d511b581-cee7-4e16-8c09-0c8b1a2da1c9-1536x1010.jpeg 1536w, https:\/\/elluchador.info\/wp-content\/uploads\/2025\/12\/d511b581-cee7-4e16-8c09-0c8b1a2da1c9-150x99.jpeg 150w, https:\/\/elluchador.info\/wp-content\/uploads\/2025\/12\/d511b581-cee7-4e16-8c09-0c8b1a2da1c9-696x457.jpeg 696w, https:\/\/elluchador.info\/wp-content\/uploads\/2025\/12\/d511b581-cee7-4e16-8c09-0c8b1a2da1c9-1068x702.jpeg 1068w, https:\/\/elluchador.info\/wp-content\/uploads\/2025\/12\/d511b581-cee7-4e16-8c09-0c8b1a2da1c9-1920x1262.jpeg 1920w, https:\/\/elluchador.info\/wp-content\/uploads\/2025\/12\/d511b581-cee7-4e16-8c09-0c8b1a2da1c9.jpeg 2048w\" sizes=\"auto, (max-width: 1024px) 100vw, 1024px\" \/><\/figure>\n<\/div>\n\n\n<p>Por su parte, la gobernadora del estado Bol\u00edvar, Yulisbeth Garc\u00eda, manifest\u00f3 su alegr\u00eda al realizarse este evento, porque representa una nueva oportunidad para celebrar esta \u00e9poca de uni\u00f3n y entusiasmo. Asimismo, agradeci\u00f3 a las autoridades por hacer posible esta actividad y a\u00f1adi\u00f3: \u201cQue viva la Navidad y que viva toda la gente hermosa del municipio de Caron\u00ed y de este estado Bol\u00edvar.\u00bb<\/p>\n\n\n\n<p>El momento emocionante lleg\u00f3 con el conteo regresivo, por parte del presidente de la CVG, cuando al un\u00edsono, todos gritaron \u201c\u00a1Feliz Navidad!\u201d y, en un instante m\u00e1gico, millones de luces de colores iluminaron la noche, vi\u00e9ndose brillar el Tricolor Nacional y las ocho estrellas en el edificio sede de la instituci\u00f3n, una representaci\u00f3n de nuestra amada Venezuela; adem\u00e1s, en el patio central de la Plaza Las Banderas, se alumbr\u00f3 un imponente \u00e1rbol navide\u00f1o.<\/p>\n\n\n<div class=\"wp-block-image\">\n<figure class=\"aligncenter size-full is-resized\"><img loading=\"lazy\" decoding=\"async\" width=\"1024\" height=\"599\" src=\"https:\/\/elluchador.info\/wp-content\/uploads\/2025\/12\/14e6850c-3081-4481-b04e-3495305f9504.jpeg\" alt=\"\" class=\"wp-image-296710\" style=\"aspect-ratio:1.709548664415106;width:614px;height:auto\" srcset=\"https:\/\/elluchador.info\/wp-content\/uploads\/2025\/12\/14e6850c-3081-4481-b04e-3495305f9504.jpeg 1024w, https:\/\/elluchador.info\/wp-content\/uploads\/2025\/12\/14e6850c-3081-4481-b04e-3495305f9504-300x175.jpeg 300w, https:\/\/elluchador.info\/wp-content\/uploads\/2025\/12\/14e6850c-3081-4481-b04e-3495305f9504-768x449.jpeg 768w, https:\/\/elluchador.info\/wp-content\/uploads\/2025\/12\/14e6850c-3081-4481-b04e-3495305f9504-150x88.jpeg 150w, https:\/\/elluchador.info\/wp-content\/uploads\/2025\/12\/14e6850c-3081-4481-b04e-3495305f9504-696x407.jpeg 696w\" sizes=\"auto, (max-width: 1024px) 100vw, 1024px\" \/><\/figure>\n<\/div>\n\n\n<p>Los animadores Y\u00e9sica Ontiveros y Mario Belisario fueron los encargados de amenizar esta celebraci\u00f3n, que cont\u00f3 con la destacada presentaci\u00f3n musical de Ensamble Alcasiano, la Mega Banda de Venalum, Bauxilum en Gaita, Alma de Acero del Complejo Sider\u00fargico Nacional, Eko Caribe, la Coral Infantil Integrada de Guayana, Miguel D\u00edaz, Cardenales del \u00c9xito, Arianny Moreno y Vallenato 24 K.<\/p>\n\n\n\n<p>Esta tradici\u00f3n, hecha con cari\u00f1o y esfuerzo por todo el equipo de la CVG a\u00f1o tras a\u00f1o, reafirma su papel, no solo como motor industrial de la regi\u00f3n, sino como un pilar fundamental de la identidad y el esp\u00edritu navide\u00f1o de la regi\u00f3n.<\/p>\n\n\n\n<p>Hoy no solo encendemos estas luces; encendemos la fe en nuestro futuro, la esperanza en nuestros corazones y el compromiso inquebrantable con el bienestar de nuestra gente. Que esta luz reflejada por la Bandera de nuestra naci\u00f3n sea un s\u00edmbolo de la fortaleza de Guayana y de la uni\u00f3n que nos hace invencibles como familia CVG.<\/p>\n\n\n\n<p>\u00a1Les Deseamos unas Navidades Felices!<\/p>\n\n\n\n<p><strong>Prensa CVG<\/strong><\/p>\n","protected":false},"excerpt":{"rendered":"<p>Con la alegr\u00eda y el esp\u00edritu de fraternidad que caracterizan a la Navidad, la Corporaci\u00f3n Venezolana de Guayana (CVG) realiz\u00f3 su Tradicional Encendido Navide\u00f1o, un evento que, m\u00e1s all\u00e1 de las luces, encendi\u00f3 la llama de la unidad, la fe, la esperanza y el amor por Venezuela en el coraz\u00f3n de cada trabajador y familia [&hellip;]<\/p>\n","protected":false},"author":33,"featured_media":296711,"comment_status":"closed","ping_status":"closed","sticky":false,"template":"","format":"standard","meta":{"footnotes":""},"categories":[5,12],"tags":[185,306,1178,2055],"class_list":{"0":"post-296707","1":"post","2":"type-post","3":"status-publish","4":"format-standard","5":"has-post-thumbnail","7":"category-destacado","8":"category-regionales","9":"tag-bolivar","10":"tag-ciudad-bolivar","11":"tag-ciudad-guayana","12":"tag-cvg"},"_links":{"self":[{"href":"https:\/\/elluchador.info\/index.php?rest_route=\/wp\/v2\/posts\/296707","targetHints":{"allow":["GET"]}}],"collection":[{"href":"https:\/\/elluchador.info\/index.php?rest_route=\/wp\/v2\/posts"}],"about":[{"href":"https:\/\/elluchador.info\/index.php?rest_route=\/wp\/v2\/types\/post"}],"author":[{"embeddable":true,"href":"https:\/\/elluchador.info\/index.php?rest_route=\/wp\/v2\/users\/33"}],"replies":[{"embeddable":true,"href":"https:\/\/elluchador.info\/index.php?rest_route=%2Fwp%2Fv2%2Fcomments&post=296707"}],"version-history":[{"count":1,"href":"https:\/\/elluchador.info\/index.php?rest_route=\/wp\/v2\/posts\/296707\/revisions"}],"predecessor-version":[{"id":296712,"href":"https:\/\/elluchador.info\/index.php?rest_route=\/wp\/v2\/posts\/296707\/revisions\/296712"}],"wp:featuredmedia":[{"embeddable":true,"href":"https:\/\/elluchador.info\/index.php?rest_route=\/wp\/v2\/media\/296711"}],"wp:attachment":[{"href":"https:\/\/elluchador.info\/index.php?rest_route=%2Fwp%2Fv2%2Fmedia&parent=296707"}],"wp:term":[{"taxonomy":"category","embeddable":true,"href":"https:\/\/elluchador.info\/index.php?rest_route=%2Fwp%2Fv2%2Fcategories&post=296707"},{"taxonomy":"post_tag","embeddable":true,"href":"https:\/\/elluchador.info\/index.php?rest_route=%2Fwp%2Fv2%2Ftags&post=296707"}],"curies":[{"name":"wp","href":"https:\/\/api.w.org\/{rel}","templated":true}]}}