{"id":296753,"date":"2025-12-04T09:24:00","date_gmt":"2025-12-04T13:24:00","guid":{"rendered":"https:\/\/elluchador.info\/?p=296753"},"modified":"2025-12-04T09:22:25","modified_gmt":"2025-12-04T13:22:25","slug":"ministerio-de-educacion-regulara-tareas-escolares","status":"publish","type":"post","link":"https:\/\/elluchador.info\/?p=296753","title":{"rendered":"Ministerio de Educaci\u00f3n regular\u00e1 tareas escolares"},"content":{"rendered":"\n<p>El ministro del Poder Popular para la Educaci\u00f3n, H\u00e9ctor Rodr\u00edguez, anunci\u00f3 una pr\u00f3xima regulaci\u00f3n de las tareas escolares, una medida que busca disminuir el impacto negativo que estas generan en la din\u00e1mica familiar.<\/p>\n\n\n\n<p>\u200bLa iniciativa es resultado de un amplio debate nacional que comenz\u00f3 en octubre pasado, el cual cont\u00f3 con la participaci\u00f3n activa de universidades, docentes, expertos, asociaciones, movimientos sociales y estudiantiles.<\/p>\n\n\n\n<p>\u200bDesde la sede del despacho educativo en Caracas, el Ministro Rodr\u00edguez enfatiz\u00f3 que la regulaci\u00f3n es solo el primer paso. Inst\u00f3 a la comisi\u00f3n encargada del debate a que, junto con la resoluci\u00f3n, presenten una propuesta integral de acompa\u00f1amiento y formaci\u00f3n especial para los docentes, adem\u00e1s de garantizar la informaci\u00f3n oportuna a estudiantes, padres y representantes sobre la nueva din\u00e1mica.<\/p>\n\n\n\n<p>\u201cNo basta con una regulaci\u00f3n. Debe haber un plan de trabajo, una progresividad, un acompa\u00f1amiento, un sistema de chequeo para evaluar si lo que aspiramos que pase est\u00e1 pasando, o est\u00e1 pasando una cosa completamente distinta\u201d, acentu\u00f3 el Ministro.<\/p>\n\n\n\n<p>\u200bEl titular de la cartera educativa insisti\u00f3 en la necesidad de respetar el tiempo libre de los ni\u00f1os y adolescentes. Abog\u00f3 porque las tareas sean \u00abmejor pensadas\u00bb y \u00abrealmente \u00fatiles, en funci\u00f3n de las expectativas que se tienen sobre la educaci\u00f3n venezolana\u00bb.<\/p>\n\n\n\n<p>\u200b<strong>Sobrecarga Emocional y Econ\u00f3mica: Las conclusiones del estudio<\/strong><br>\u200bLa profesora Belkys Bigott, rectora de la Universidad Nacional Experimental de Magisterio Samuel Robinson y responsable de la comisi\u00f3n, comparti\u00f3 los hallazgos del estudio. Entre los datos revelados, destac\u00f3 que las tareas generan sobrecarga emocional y econ\u00f3mica para las familias. Adem\u00e1s, se\u00f1al\u00f3 que:<br>\u200bEn algunos casos, las tareas son tercerizadas.<br>\u200bRequieren de tiempo que los estudiantes podr\u00edan dedicar a la recreaci\u00f3n u otras actividades.<br>\u200bA menudo, las asignaciones no son lo suficientemente claras para ser resueltas en casa.<\/p>\n\n\n\n<p>\u200bLa profesora Bigott tambi\u00e9n mencion\u00f3 una tendencia mundial a la regulaci\u00f3n. Indic\u00f3 que las encuestas reflejan una divisi\u00f3n en la opini\u00f3n venezolana: cerca de la mitad de la poblaci\u00f3n estar\u00eda de acuerdo con la eliminaci\u00f3n total de las tareas, mientras que la otra mitad considera que deben mantenerse.<\/p>\n\n\n\n<p><strong>\u200bRecomendaciones de la Comisi\u00f3n<\/strong><br>\u200bEntre las recomendaciones principales de la comisi\u00f3n para la nueva normativa se encuentran:<br>\u200bLa tarea no debe sustituir el proceso pedag\u00f3gico en el aula.<br>\u200bDeben tener un tiempo m\u00e1ximo de ejecuci\u00f3n para proteger el tiempo libre de los estudiantes.<br>\u200bDeben poseer claridad curricular y un apego al contexto social.<\/p>\n\n\n\n<p>\u200bEl Ministro Rodr\u00edguez concluy\u00f3 que, de forma paralela a este proceso, el ministerio continuar\u00e1 avanzando en otras tareas prioritarias para la calidad educativa, como la formaci\u00f3n continua de los docentes, la revisi\u00f3n de los programas de estudio y la adecuaci\u00f3n de la matr\u00edcula a la realidad actual.<br>\u200b<br>Con informaci\u00f3n de <strong>agencias<\/strong><\/p>\n","protected":false},"excerpt":{"rendered":"<p>El ministro del Poder Popular para la Educaci\u00f3n, H\u00e9ctor Rodr\u00edguez, anunci\u00f3 una pr\u00f3xima regulaci\u00f3n de las tareas escolares, una medida que busca disminuir el impacto negativo que estas generan en la din\u00e1mica familiar. \u200bLa iniciativa es resultado de un amplio debate nacional que comenz\u00f3 en octubre pasado, el cual cont\u00f3 con la participaci\u00f3n activa de [&hellip;]<\/p>\n","protected":false},"author":38,"featured_media":296754,"comment_status":"closed","ping_status":"closed","sticky":false,"template":"","format":"standard","meta":{"footnotes":""},"categories":[9],"tags":[105],"class_list":{"0":"post-296753","1":"post","2":"type-post","3":"status-publish","4":"format-standard","5":"has-post-thumbnail","7":"category-nacionales","8":"tag-venezuela"},"_links":{"self":[{"href":"https:\/\/elluchador.info\/index.php?rest_route=\/wp\/v2\/posts\/296753","targetHints":{"allow":["GET"]}}],"collection":[{"href":"https:\/\/elluchador.info\/index.php?rest_route=\/wp\/v2\/posts"}],"about":[{"href":"https:\/\/elluchador.info\/index.php?rest_route=\/wp\/v2\/types\/post"}],"author":[{"embeddable":true,"href":"https:\/\/elluchador.info\/index.php?rest_route=\/wp\/v2\/users\/38"}],"replies":[{"embeddable":true,"href":"https:\/\/elluchador.info\/index.php?rest_route=%2Fwp%2Fv2%2Fcomments&post=296753"}],"version-history":[{"count":1,"href":"https:\/\/elluchador.info\/index.php?rest_route=\/wp\/v2\/posts\/296753\/revisions"}],"predecessor-version":[{"id":296755,"href":"https:\/\/elluchador.info\/index.php?rest_route=\/wp\/v2\/posts\/296753\/revisions\/296755"}],"wp:featuredmedia":[{"embeddable":true,"href":"https:\/\/elluchador.info\/index.php?rest_route=\/wp\/v2\/media\/296754"}],"wp:attachment":[{"href":"https:\/\/elluchador.info\/index.php?rest_route=%2Fwp%2Fv2%2Fmedia&parent=296753"}],"wp:term":[{"taxonomy":"category","embeddable":true,"href":"https:\/\/elluchador.info\/index.php?rest_route=%2Fwp%2Fv2%2Fcategories&post=296753"},{"taxonomy":"post_tag","embeddable":true,"href":"https:\/\/elluchador.info\/index.php?rest_route=%2Fwp%2Fv2%2Ftags&post=296753"}],"curies":[{"name":"wp","href":"https:\/\/api.w.org\/{rel}","templated":true}]}}