{"id":296814,"date":"2025-12-04T16:26:45","date_gmt":"2025-12-04T20:26:45","guid":{"rendered":"https:\/\/elluchador.info\/?p=296814"},"modified":"2025-12-04T16:26:48","modified_gmt":"2025-12-04T20:26:48","slug":"la-superluna-luna-fria-de-diciembre-se-vera-este-4-diciembre","status":"publish","type":"post","link":"https:\/\/elluchador.info\/?p=296814","title":{"rendered":"La Superluna &#8216;Luna Fr\u00eda&#8217; de diciembre se ver\u00e1 este 4 diciembre"},"content":{"rendered":"\n<p>Diciembre no solo trae consigo la alegr\u00eda festiva, sino tambi\u00e9n uno de los eventos astron\u00f3micos m\u00e1s esperados y llamativos del a\u00f1o: la Luna Fr\u00eda. Esta superluna, que coincide con el inicio del invierno en el hemisferio norte, es catalogada por especialistas como la \u00faltima y m\u00e1s impresionante superluna del ciclo 2024-2025 debido a su excepcional cercan\u00eda con la Tierra.<\/p>\n\n\n\n<p>\u200bEl fen\u00f3meno alcanzar\u00e1 su punto m\u00e1ximo de iluminaci\u00f3n este jueves 4 de diciembre a las 18:14 (hora est\u00e1ndar), aunque el espect\u00e1culo ser\u00e1 visible durante toda la noche hasta el amanecer del viernes 5 de diciembre.<\/p>\n\n\n\n<p><strong>\u200bUn brillo y tama\u00f1o r\u00e9cord<\/strong><br>\u200bEsta \u00abLuna Fr\u00eda\u00bb promete ser un espect\u00e1culo visual sin precedentes. La Luna alcanzar\u00e1 el perigeo, el punto de su \u00f3rbita m\u00e1s cercano a la Tierra, situ\u00e1ndose a una distancia aproximada de 357.218 kil\u00f3metros (221.965 millas).<\/p>\n\n\n\n<p>\u200bSeg\u00fan datos de National Geographic, esta proximidad permitir\u00e1 a los observadores ver la Luna hasta un 14% m\u00e1s grande y un 30% m\u00e1s brillante de lo habitual.<\/p>\n\n\n\n<p>\u200bNoah Petro, cient\u00edfico del proyecto Artemis III de la NASA, explic\u00f3 el momento ideal para la observaci\u00f3n:<br>\u200b\u00bbEl jueves, la Luna saldr\u00e1 aproximadamente a la hora del atardecer, y por eso est\u00e1 llena, porque est\u00e1 exactamente opuesta en el cielo respecto al Sol\u00bb.<\/p>\n\n\n\n<p>\u200bPetro tambi\u00e9n se\u00f1al\u00f3 que, en las noches fr\u00edas de invierno, el brillo puede sentirse m\u00e1s intenso, ya que \u00ablos \u00e1rboles no bloquean la luz\u00bb.<\/p>\n\n\n\n<p><strong>\u200bUn invitaci\u00f3n a mirar al pasado y al futuro<\/strong><br>\u200bEl cient\u00edfico de la NASA aprovech\u00f3 para invitar al p\u00fablico a disfrutar del evento, enlaz\u00e1ndolo con la historia y el futuro de la exploraci\u00f3n espacial:<br>\u200b\u201cInvitar\u00eda a la gente a salir esta semana, mirar la Luna y disfrutar de su esplendor, pensar en lo que logramos en 1968 y 1972 con Apolo 8 y Apolo 17, y luego mirar al futuro\u2026 estamos quiz\u00e1 a solo dos Lunas llenas de volver a enviar humanos m\u00e1s all\u00e1 de la Luna con Artemis II\u201d.<\/p>\n\n\n\n<p>\u200bLa misi\u00f3n Artemis II ser\u00e1 el siguiente paso crucial para la NASA, llevando a cuatro astronautas en una misi\u00f3n clave hacia la presencia humana a largo plazo en la superficie lunar.<\/p>\n\n\n\n<p>\u200bCon informaci\u00f3n de <strong>agencias<\/strong><\/p>\n\n\n\n<p><\/p>\n","protected":false},"excerpt":{"rendered":"<p>Diciembre no solo trae consigo la alegr\u00eda festiva, sino tambi\u00e9n uno de los eventos astron\u00f3micos m\u00e1s esperados y llamativos del a\u00f1o: la Luna Fr\u00eda. Esta superluna, que coincide con el inicio del invierno en el hemisferio norte, es catalogada por especialistas como la \u00faltima y m\u00e1s impresionante superluna del ciclo 2024-2025 debido a su excepcional [&hellip;]<\/p>\n","protected":false},"author":38,"featured_media":296815,"comment_status":"closed","ping_status":"closed","sticky":false,"template":"","format":"standard","meta":{"footnotes":""},"categories":[3],"tags":[105],"class_list":{"0":"post-296814","1":"post","2":"type-post","3":"status-publish","4":"format-standard","5":"has-post-thumbnail","7":"category-curiosidades","8":"tag-venezuela"},"_links":{"self":[{"href":"https:\/\/elluchador.info\/index.php?rest_route=\/wp\/v2\/posts\/296814","targetHints":{"allow":["GET"]}}],"collection":[{"href":"https:\/\/elluchador.info\/index.php?rest_route=\/wp\/v2\/posts"}],"about":[{"href":"https:\/\/elluchador.info\/index.php?rest_route=\/wp\/v2\/types\/post"}],"author":[{"embeddable":true,"href":"https:\/\/elluchador.info\/index.php?rest_route=\/wp\/v2\/users\/38"}],"replies":[{"embeddable":true,"href":"https:\/\/elluchador.info\/index.php?rest_route=%2Fwp%2Fv2%2Fcomments&post=296814"}],"version-history":[{"count":1,"href":"https:\/\/elluchador.info\/index.php?rest_route=\/wp\/v2\/posts\/296814\/revisions"}],"predecessor-version":[{"id":296816,"href":"https:\/\/elluchador.info\/index.php?rest_route=\/wp\/v2\/posts\/296814\/revisions\/296816"}],"wp:featuredmedia":[{"embeddable":true,"href":"https:\/\/elluchador.info\/index.php?rest_route=\/wp\/v2\/media\/296815"}],"wp:attachment":[{"href":"https:\/\/elluchador.info\/index.php?rest_route=%2Fwp%2Fv2%2Fmedia&parent=296814"}],"wp:term":[{"taxonomy":"category","embeddable":true,"href":"https:\/\/elluchador.info\/index.php?rest_route=%2Fwp%2Fv2%2Fcategories&post=296814"},{"taxonomy":"post_tag","embeddable":true,"href":"https:\/\/elluchador.info\/index.php?rest_route=%2Fwp%2Fv2%2Ftags&post=296814"}],"curies":[{"name":"wp","href":"https:\/\/api.w.org\/{rel}","templated":true}]}}