{"id":297190,"date":"2025-12-09T08:40:58","date_gmt":"2025-12-09T12:40:58","guid":{"rendered":"https:\/\/elluchador.info\/?p=297190"},"modified":"2025-12-09T08:41:02","modified_gmt":"2025-12-09T12:41:02","slug":"bolivarenses-conmemoraron-13-anos-de-la-ultima-proclama-de-hugo-chavez","status":"publish","type":"post","link":"https:\/\/elluchador.info\/?p=297190","title":{"rendered":"Bolivarenses conmemoraron 13 a\u00f1os de la \u00faltima proclama de Hugo Ch\u00e1vez"},"content":{"rendered":"\n<p>\u200eDesde el Altar de la Patria, en Ciudad Bol\u00edvar, este 8 de diciembre se realiz\u00f3 un acto conmemorativo al cumplirse 13 a\u00f1os de la \u00faltima proclama p\u00fablica del expresidente Hugo Ch\u00e1vez, una fecha que ha sido incorporada al calendario pol\u00edtico-institucional del pa\u00eds.<br>\u200e<br>\u200eDurante el encuentro, se record\u00f3 el mensaje pronunciado por Ch\u00e1vez en 2012, en el que expuso orientaciones estrat\u00e9gicas sobre la continuidad de su proyecto pol\u00edtico y llam\u00f3 a preservar la unidad nacional como elemento central del rumbo del pa\u00eds.<br>\u200e<br>\u200eLa actividad se desarroll\u00f3 como un homenaje a la memoria hist\u00f3rica del exmandatario, cuya \u00faltima intervenci\u00f3n p\u00fablica marc\u00f3 uno de los momentos m\u00e1s relevantes de la campa\u00f1a presidencial de ese a\u00f1o. Posteriormente, tras su fallecimiento el 5 de marzo de 2013, se activaron los mecanismos constitucionales que dieron paso a un nuevo proceso electoral en abril de ese mismo a\u00f1o.<br>\u200e<br>\u200eCabe recordar que, mediante decreto publicado en la Gaceta Oficial N.\u00ba 40.286, de fecha 4 de diciembre de 2013, el 8 de diciembre fue establecido como el D\u00eda de la Lealtad y el Amor a Hugo Ch\u00e1vez y a la Patria.<br>\u200e<br>\u200eCada a\u00f1o, esta fecha es recordada con actividades conmemorativas en distintas regiones del pa\u00eds, enfocadas en resaltar el impacto pol\u00edtico y social que tuvo Ch\u00e1vez en la historia contempor\u00e1nea de Venezuela.<br>\u200e<br><strong>\u200ePrensa Psuv AO<\/strong><\/p>\n","protected":false},"excerpt":{"rendered":"<p>\u200eDesde el Altar de la Patria, en Ciudad Bol\u00edvar, este 8 de diciembre se realiz\u00f3 un acto conmemorativo al cumplirse 13 a\u00f1os de la \u00faltima proclama p\u00fablica del expresidente Hugo Ch\u00e1vez, una fecha que ha sido incorporada al calendario pol\u00edtico-institucional del pa\u00eds.\u200e\u200eDurante el encuentro, se record\u00f3 el mensaje pronunciado por Ch\u00e1vez en 2012, en el [&hellip;]<\/p>\n","protected":false},"author":33,"featured_media":297191,"comment_status":"closed","ping_status":"closed","sticky":false,"template":"","format":"standard","meta":{"footnotes":""},"categories":[11],"tags":[306,284],"class_list":{"0":"post-297190","1":"post","2":"type-post","3":"status-publish","4":"format-standard","5":"has-post-thumbnail","7":"category-politica","8":"tag-ciudad-bolivar","9":"tag-psuv"},"_links":{"self":[{"href":"https:\/\/elluchador.info\/index.php?rest_route=\/wp\/v2\/posts\/297190","targetHints":{"allow":["GET"]}}],"collection":[{"href":"https:\/\/elluchador.info\/index.php?rest_route=\/wp\/v2\/posts"}],"about":[{"href":"https:\/\/elluchador.info\/index.php?rest_route=\/wp\/v2\/types\/post"}],"author":[{"embeddable":true,"href":"https:\/\/elluchador.info\/index.php?rest_route=\/wp\/v2\/users\/33"}],"replies":[{"embeddable":true,"href":"https:\/\/elluchador.info\/index.php?rest_route=%2Fwp%2Fv2%2Fcomments&post=297190"}],"version-history":[{"count":1,"href":"https:\/\/elluchador.info\/index.php?rest_route=\/wp\/v2\/posts\/297190\/revisions"}],"predecessor-version":[{"id":297192,"href":"https:\/\/elluchador.info\/index.php?rest_route=\/wp\/v2\/posts\/297190\/revisions\/297192"}],"wp:featuredmedia":[{"embeddable":true,"href":"https:\/\/elluchador.info\/index.php?rest_route=\/wp\/v2\/media\/297191"}],"wp:attachment":[{"href":"https:\/\/elluchador.info\/index.php?rest_route=%2Fwp%2Fv2%2Fmedia&parent=297190"}],"wp:term":[{"taxonomy":"category","embeddable":true,"href":"https:\/\/elluchador.info\/index.php?rest_route=%2Fwp%2Fv2%2Fcategories&post=297190"},{"taxonomy":"post_tag","embeddable":true,"href":"https:\/\/elluchador.info\/index.php?rest_route=%2Fwp%2Fv2%2Ftags&post=297190"}],"curies":[{"name":"wp","href":"https:\/\/api.w.org\/{rel}","templated":true}]}}