{"id":297223,"date":"2025-12-09T15:29:00","date_gmt":"2025-12-09T19:29:00","guid":{"rendered":"https:\/\/elluchador.info\/?p=297223"},"modified":"2025-12-09T15:28:13","modified_gmt":"2025-12-09T19:28:13","slug":"fanb-conmemora-los-201-anos-de-la-batalla-de-ayacucho","status":"publish","type":"post","link":"https:\/\/elluchador.info\/?p=297223","title":{"rendered":"FANB conmemora los 201 a\u00f1os de la Batalla de Ayacucho"},"content":{"rendered":"\n<p>La Fuerza Armada Nacional Bolivariana (FANB), desde la ciudad de Caracas, rinde honores a la gesta hist\u00f3rica del Ej\u00e9rcito Unido Libertador del Per\u00fa, al conmemorarse 201 a\u00f1os de la Batalla de Ayacucho, un evento crucial que sell\u00f3 la libertad del continente americano.<\/p>\n\n\n\n<p><strong>\u200bContexto hist\u00f3rico de la victoria<\/strong><br>\u200bLa victoria independentista en Per\u00fa se produjo en un momento clave de debilidad del imperio espa\u00f1ol. El conflicto en Am\u00e9rica se vio favorecido por el debilitamiento previo de Fernando VII, producto de las insurrecciones internas generadas por la inconformidad de los ciudadanos espa\u00f1oles ante las pol\u00edticas autoritarias implementadas por el monarca.<\/p>\n\n\n\n<p>\u200bEste escenario permiti\u00f3 que la gesta libertadora en Am\u00e9rica del Sur alcanzara su objetivo, significando el final del dominio administrativo espa\u00f1ol en el subcontinente.<\/p>\n\n\n\n<p>\u200bLa Fuerza Armada Nacional Bolivariana destaca la trascendencia de esta batalla como un pilar fundamental en la historia de la libertad y la soberan\u00eda de las naciones hermanas, reafirmando el compromiso con el legado de los pr\u00f3ceres de la independencia.<\/p>\n\n\n\n<p>\u200bCon informaci\u00f3n de <strong>agencias<\/strong><\/p>\n\n\n\n<p><\/p>\n","protected":false},"excerpt":{"rendered":"<p>La Fuerza Armada Nacional Bolivariana (FANB), desde la ciudad de Caracas, rinde honores a la gesta hist\u00f3rica del Ej\u00e9rcito Unido Libertador del Per\u00fa, al conmemorarse 201 a\u00f1os de la Batalla de Ayacucho, un evento crucial que sell\u00f3 la libertad del continente americano. \u200bContexto hist\u00f3rico de la victoria\u200bLa victoria independentista en Per\u00fa se produjo en un [&hellip;]<\/p>\n","protected":false},"author":38,"featured_media":297224,"comment_status":"closed","ping_status":"closed","sticky":false,"template":"","format":"standard","meta":{"footnotes":""},"categories":[9],"tags":[105],"class_list":{"0":"post-297223","1":"post","2":"type-post","3":"status-publish","4":"format-standard","5":"has-post-thumbnail","7":"category-nacionales","8":"tag-venezuela"},"_links":{"self":[{"href":"https:\/\/elluchador.info\/index.php?rest_route=\/wp\/v2\/posts\/297223","targetHints":{"allow":["GET"]}}],"collection":[{"href":"https:\/\/elluchador.info\/index.php?rest_route=\/wp\/v2\/posts"}],"about":[{"href":"https:\/\/elluchador.info\/index.php?rest_route=\/wp\/v2\/types\/post"}],"author":[{"embeddable":true,"href":"https:\/\/elluchador.info\/index.php?rest_route=\/wp\/v2\/users\/38"}],"replies":[{"embeddable":true,"href":"https:\/\/elluchador.info\/index.php?rest_route=%2Fwp%2Fv2%2Fcomments&post=297223"}],"version-history":[{"count":1,"href":"https:\/\/elluchador.info\/index.php?rest_route=\/wp\/v2\/posts\/297223\/revisions"}],"predecessor-version":[{"id":297225,"href":"https:\/\/elluchador.info\/index.php?rest_route=\/wp\/v2\/posts\/297223\/revisions\/297225"}],"wp:featuredmedia":[{"embeddable":true,"href":"https:\/\/elluchador.info\/index.php?rest_route=\/wp\/v2\/media\/297224"}],"wp:attachment":[{"href":"https:\/\/elluchador.info\/index.php?rest_route=%2Fwp%2Fv2%2Fmedia&parent=297223"}],"wp:term":[{"taxonomy":"category","embeddable":true,"href":"https:\/\/elluchador.info\/index.php?rest_route=%2Fwp%2Fv2%2Fcategories&post=297223"},{"taxonomy":"post_tag","embeddable":true,"href":"https:\/\/elluchador.info\/index.php?rest_route=%2Fwp%2Fv2%2Ftags&post=297223"}],"curies":[{"name":"wp","href":"https:\/\/api.w.org\/{rel}","templated":true}]}}