{"id":297235,"date":"2025-12-09T15:58:49","date_gmt":"2025-12-09T19:58:49","guid":{"rendered":"https:\/\/elluchador.info\/?p=297235"},"modified":"2025-12-09T15:58:52","modified_gmt":"2025-12-09T19:58:52","slug":"vecinos-exigen-reparacion-de-tramo-de-la-calle-valencia","status":"publish","type":"post","link":"https:\/\/elluchador.info\/?p=297235","title":{"rendered":"Vecinos exigen reparaci\u00f3n de tramo de la calle Valencia"},"content":{"rendered":"\n<p>Los vecinos del sector Las Piedritas I, en la parroquia La Sabanita, contin\u00faan a la espera de la reparaci\u00f3n del tramo de la calle Valencia que conecta con la avenida Col\u00f3n, el cual permanece en franco deterioro desde hace m\u00e1s de tres a\u00f1os y sin la correspondiente capa de asfalto.<\/p>\n\n\n\n<p>De acuerdo con los residentes, el problema se origin\u00f3 tras los trabajos ejecutados por Hidrobol\u00edvar para solventar una fuga de agua, labores que se realizaron en varias fases, pero que culminaron sin la debida restituci\u00f3n del pavimento, dejando la v\u00eda en condiciones precarias.<\/p>\n\n\n\n<p>La comunidad asegura que esta situaci\u00f3n se repite cada mes de diciembre, sin que hasta ahora se concrete una soluci\u00f3n definitiva. \u201cOtro fin de a\u00f1o con la v\u00eda en estas condiciones\u201d, expres\u00f3 Antonio Blanco, vecino del sector.<\/p>\n\n\n\n<p>Quienes transitan por esta v\u00eda interna que conduce hacia la avenida Col\u00f3n pueden observar al menos tres tramos cubiertos \u00fanicamente con tierra, los cuales actualmente tambi\u00e9n est\u00e1n invadidos por maleza, lo que agrava el estado de la calzada.<\/p>\n\n\n\n<p>Ante esta situaci\u00f3n, los habitantes hacen un llamado a las autoridades competentes para que se ejecute la restituci\u00f3n del asfalto y se garantice una soluci\u00f3n integral, evitando que el problema se prolongue un a\u00f1o m\u00e1s.<\/p>\n\n\n\n<p>Otros vecinos, que prefirieron no revelar su identidad, se\u00f1alaron que no se trata de un reclamo aislado, sino de una necesidad colectiva orientada a mejorar la imagen y las condiciones de la comunidad. Asimismo, consideran que la atenci\u00f3n de este problema por parte de los entes responsables ser\u00eda una muestra de compromiso con los ciudadanos en estas fechas de cierre de a\u00f1o. <\/p>\n\n\n\n<p><strong>Yanitza Mart\u00ednez<\/strong><\/p>\n","protected":false},"excerpt":{"rendered":"<p>Los vecinos del sector Las Piedritas I, en la parroquia La Sabanita, contin\u00faan a la espera de la reparaci\u00f3n del tramo de la calle Valencia que conecta con la avenida Col\u00f3n, el cual permanece en franco deterioro desde hace m\u00e1s de tres a\u00f1os y sin la correspondiente capa de asfalto. De acuerdo con los residentes, [&hellip;]<\/p>\n","protected":false},"author":33,"featured_media":297236,"comment_status":"closed","ping_status":"closed","sticky":false,"template":"","format":"standard","meta":{"footnotes":""},"categories":[2],"tags":[185,306],"class_list":{"0":"post-297235","1":"post","2":"type-post","3":"status-publish","4":"format-standard","5":"has-post-thumbnail","7":"category-comunidad","8":"tag-bolivar","9":"tag-ciudad-bolivar"},"_links":{"self":[{"href":"https:\/\/elluchador.info\/index.php?rest_route=\/wp\/v2\/posts\/297235","targetHints":{"allow":["GET"]}}],"collection":[{"href":"https:\/\/elluchador.info\/index.php?rest_route=\/wp\/v2\/posts"}],"about":[{"href":"https:\/\/elluchador.info\/index.php?rest_route=\/wp\/v2\/types\/post"}],"author":[{"embeddable":true,"href":"https:\/\/elluchador.info\/index.php?rest_route=\/wp\/v2\/users\/33"}],"replies":[{"embeddable":true,"href":"https:\/\/elluchador.info\/index.php?rest_route=%2Fwp%2Fv2%2Fcomments&post=297235"}],"version-history":[{"count":1,"href":"https:\/\/elluchador.info\/index.php?rest_route=\/wp\/v2\/posts\/297235\/revisions"}],"predecessor-version":[{"id":297237,"href":"https:\/\/elluchador.info\/index.php?rest_route=\/wp\/v2\/posts\/297235\/revisions\/297237"}],"wp:featuredmedia":[{"embeddable":true,"href":"https:\/\/elluchador.info\/index.php?rest_route=\/wp\/v2\/media\/297236"}],"wp:attachment":[{"href":"https:\/\/elluchador.info\/index.php?rest_route=%2Fwp%2Fv2%2Fmedia&parent=297235"}],"wp:term":[{"taxonomy":"category","embeddable":true,"href":"https:\/\/elluchador.info\/index.php?rest_route=%2Fwp%2Fv2%2Fcategories&post=297235"},{"taxonomy":"post_tag","embeddable":true,"href":"https:\/\/elluchador.info\/index.php?rest_route=%2Fwp%2Fv2%2Ftags&post=297235"}],"curies":[{"name":"wp","href":"https:\/\/api.w.org\/{rel}","templated":true}]}}