{"id":297238,"date":"2025-12-09T16:03:11","date_gmt":"2025-12-09T20:03:11","guid":{"rendered":"https:\/\/elluchador.info\/?p=297238"},"modified":"2025-12-09T16:03:15","modified_gmt":"2025-12-09T20:03:15","slug":"vecinos-de-agua-salada-agobiados-por-los-constantes-bajones-de-luz","status":"publish","type":"post","link":"https:\/\/elluchador.info\/?p=297238","title":{"rendered":"Vecinos de Agua Salada agobiados por los constantes bajones de luz"},"content":{"rendered":"\n<p>Los habitantes de la parroquia Agua Salada expresan su creciente inconformidad debido a los constantes bajones de electricidad que se han intensificado progresivamente. Sectores como El Per\u00fa, Agua Salada y Colina de Los Pr\u00f3ceres son algunos de los m\u00e1s afectados por esta situaci\u00f3n.<\/p>\n\n\n\n<p>Los vecinos se\u00f1alan que cientos de familias se encuentran angustiadas, ya que las fluctuaciones el\u00e9ctricas no solo generan incomodidad, sino que tambi\u00e9n ponen en riesgo los electrodom\u00e9sticos y equipos de trabajo. \u201cCada d\u00eda es m\u00e1s dif\u00edcil. Los bajones son muy frecuentes, y nunca sabemos cu\u00e1ndo se presentar\u00e1 uno\u201d, coment\u00f3 Mar\u00eda Aponte.<\/p>\n\n\n\n<p>Durante el fin de semana, los mencionados sectores sufrieron una deficiencia el\u00e9ctrica significativa. \u201cLa electricidad es un servicio esencial que debe ser garantizado, ya que aqu\u00ed se paga por el servicio\u201d, se\u00f1al\u00f3 Ana Meneses, vecina de la urbanizaci\u00f3n El Per\u00fa.<\/p>\n\n\n\n<p>Ante esta problem\u00e1tica que persiste, los residentes hacen un llamado a las autoridades competentes y a Corpoelec para que atiendan esta situaci\u00f3n y se garantice un suministro el\u00e9ctrico estable y continuo. <\/p>\n\n\n\n<p><strong>Yanitza Mart\u00ednez<\/strong><\/p>\n","protected":false},"excerpt":{"rendered":"<p>Los habitantes de la parroquia Agua Salada expresan su creciente inconformidad debido a los constantes bajones de electricidad que se han intensificado progresivamente. Sectores como El Per\u00fa, Agua Salada y Colina de Los Pr\u00f3ceres son algunos de los m\u00e1s afectados por esta situaci\u00f3n. Los vecinos se\u00f1alan que cientos de familias se encuentran angustiadas, ya que [&hellip;]<\/p>\n","protected":false},"author":33,"featured_media":297239,"comment_status":"closed","ping_status":"closed","sticky":false,"template":"","format":"standard","meta":{"footnotes":""},"categories":[2],"tags":[185,306],"class_list":{"0":"post-297238","1":"post","2":"type-post","3":"status-publish","4":"format-standard","5":"has-post-thumbnail","7":"category-comunidad","8":"tag-bolivar","9":"tag-ciudad-bolivar"},"_links":{"self":[{"href":"https:\/\/elluchador.info\/index.php?rest_route=\/wp\/v2\/posts\/297238","targetHints":{"allow":["GET"]}}],"collection":[{"href":"https:\/\/elluchador.info\/index.php?rest_route=\/wp\/v2\/posts"}],"about":[{"href":"https:\/\/elluchador.info\/index.php?rest_route=\/wp\/v2\/types\/post"}],"author":[{"embeddable":true,"href":"https:\/\/elluchador.info\/index.php?rest_route=\/wp\/v2\/users\/33"}],"replies":[{"embeddable":true,"href":"https:\/\/elluchador.info\/index.php?rest_route=%2Fwp%2Fv2%2Fcomments&post=297238"}],"version-history":[{"count":1,"href":"https:\/\/elluchador.info\/index.php?rest_route=\/wp\/v2\/posts\/297238\/revisions"}],"predecessor-version":[{"id":297240,"href":"https:\/\/elluchador.info\/index.php?rest_route=\/wp\/v2\/posts\/297238\/revisions\/297240"}],"wp:featuredmedia":[{"embeddable":true,"href":"https:\/\/elluchador.info\/index.php?rest_route=\/wp\/v2\/media\/297239"}],"wp:attachment":[{"href":"https:\/\/elluchador.info\/index.php?rest_route=%2Fwp%2Fv2%2Fmedia&parent=297238"}],"wp:term":[{"taxonomy":"category","embeddable":true,"href":"https:\/\/elluchador.info\/index.php?rest_route=%2Fwp%2Fv2%2Fcategories&post=297238"},{"taxonomy":"post_tag","embeddable":true,"href":"https:\/\/elluchador.info\/index.php?rest_route=%2Fwp%2Fv2%2Ftags&post=297238"}],"curies":[{"name":"wp","href":"https:\/\/api.w.org\/{rel}","templated":true}]}}