{"id":297274,"date":"2025-12-10T07:24:00","date_gmt":"2025-12-10T11:24:00","guid":{"rendered":"https:\/\/elluchador.info\/?p=297274"},"modified":"2025-12-09T22:26:33","modified_gmt":"2025-12-10T02:26:33","slug":"israel-y-bolivia-restablecen-relaciones-diplomaticas","status":"publish","type":"post","link":"https:\/\/elluchador.info\/?p=297274","title":{"rendered":"Israel y Bolivia restablecen relaciones diplom\u00e1ticas"},"content":{"rendered":"\n<p>\u200eLos gobiernos de Israel y Bolivia decidieron restablecer este martes sus relaciones diplom\u00e1ticas, interrumpidas hace dos a\u00f1os por el pa\u00eds latinoamericano debido a la guerra en la Franja de Gaza, anunci\u00f3 el Ministerio israel\u00ed de Relaciones Exteriores.<br>\u200e<br>\u200eEl jefe de la diplomacia israel\u00ed, Gideon Saar, \u00abfirmar\u00e1 en Washington, junto con su hom\u00f3logo boliviano Fernando Aramayo, la reanudaci\u00f3n de las relaciones diplom\u00e1ticas entre ambos pa\u00edses\u00bb, anunci\u00f3 previamente el ministerio israel\u00ed en un comunicado.<br>\u200e<br>\u200e\u00bbFeliz por este nuevo cap\u00edtulo que vamos a escribir en las relaciones entre Bolivia e Israel\u00bb, escribi\u00f3 por su parte Aramayo en X.<br>\u200e<br>\u200eA finales de octubre de 2023, Bolivia fue el primer pa\u00eds latinoamericano en romper relaciones con Israel, en protesta por la guerra iniciada en Gaza tras el ataque sin precedentes de Ham\u00e1s, grupo considerado terrorista por la UE, contra territorio israel\u00ed el 7 de octubre de ese a\u00f1o.<br>\u200e<br>\u200eEn aquel momento, Israel calific\u00f3 esta decisi\u00f3n, tomada por el gobierno del presidente socialista Luis Arce, como \u00abuna capitulaci\u00f3n ante el terrorismo\u00bb.<br>\u200e<br>\u200eBolivia tambi\u00e9n se sum\u00f3 en octubre de 2024 al procedimiento contra Israel ante la Corte Internacional de Justicia(CIJ), iniciado por Sud\u00e1frica por violaci\u00f3n de la Convenci\u00f3n de las Naciones Unidas sobre el Genocidio.<br>\u200e<br>\u200eSaar indic\u00f3 que se reuni\u00f3 con el nuevo presidente boliviano al d\u00eda siguiente de su elecci\u00f3n y le comunic\u00f3 \u00abla voluntad de Israel de abrir un nuevo cap\u00edtulo\u00bb.<br>\u200e<br>\u200eTambi\u00e9n aplaudi\u00f3 la reciente decisi\u00f3n boliviana de eliminar la obligaci\u00f3n de visado para los turistas israel\u00edes.<br>\u200e<br>\u200eCon informaci\u00f3n <strong>Agencias-.<\/strong><\/p>\n","protected":false},"excerpt":{"rendered":"<p>\u200eLos gobiernos de Israel y Bolivia decidieron restablecer este martes sus relaciones diplom\u00e1ticas, interrumpidas hace dos a\u00f1os por el pa\u00eds latinoamericano debido a la guerra en la Franja de Gaza, anunci\u00f3 el Ministerio israel\u00ed de Relaciones Exteriores.\u200e\u200eEl jefe de la diplomacia israel\u00ed, Gideon Saar, \u00abfirmar\u00e1 en Washington, junto con su hom\u00f3logo boliviano Fernando Aramayo, la [&hellip;]<\/p>\n","protected":false},"author":33,"featured_media":297275,"comment_status":"closed","ping_status":"closed","sticky":false,"template":"","format":"standard","meta":{"footnotes":""},"categories":[8],"tags":[543,1540,6010],"class_list":{"0":"post-297274","1":"post","2":"type-post","3":"status-publish","4":"format-standard","5":"has-post-thumbnail","7":"category-internacionales","8":"tag-bolivia","9":"tag-israel","10":"tag-relaciones-diplomaticas"},"_links":{"self":[{"href":"https:\/\/elluchador.info\/index.php?rest_route=\/wp\/v2\/posts\/297274","targetHints":{"allow":["GET"]}}],"collection":[{"href":"https:\/\/elluchador.info\/index.php?rest_route=\/wp\/v2\/posts"}],"about":[{"href":"https:\/\/elluchador.info\/index.php?rest_route=\/wp\/v2\/types\/post"}],"author":[{"embeddable":true,"href":"https:\/\/elluchador.info\/index.php?rest_route=\/wp\/v2\/users\/33"}],"replies":[{"embeddable":true,"href":"https:\/\/elluchador.info\/index.php?rest_route=%2Fwp%2Fv2%2Fcomments&post=297274"}],"version-history":[{"count":1,"href":"https:\/\/elluchador.info\/index.php?rest_route=\/wp\/v2\/posts\/297274\/revisions"}],"predecessor-version":[{"id":297276,"href":"https:\/\/elluchador.info\/index.php?rest_route=\/wp\/v2\/posts\/297274\/revisions\/297276"}],"wp:featuredmedia":[{"embeddable":true,"href":"https:\/\/elluchador.info\/index.php?rest_route=\/wp\/v2\/media\/297275"}],"wp:attachment":[{"href":"https:\/\/elluchador.info\/index.php?rest_route=%2Fwp%2Fv2%2Fmedia&parent=297274"}],"wp:term":[{"taxonomy":"category","embeddable":true,"href":"https:\/\/elluchador.info\/index.php?rest_route=%2Fwp%2Fv2%2Fcategories&post=297274"},{"taxonomy":"post_tag","embeddable":true,"href":"https:\/\/elluchador.info\/index.php?rest_route=%2Fwp%2Fv2%2Ftags&post=297274"}],"curies":[{"name":"wp","href":"https:\/\/api.w.org\/{rel}","templated":true}]}}