{"id":297289,"date":"2025-12-10T08:02:00","date_gmt":"2025-12-10T12:02:00","guid":{"rendered":"https:\/\/elluchador.info\/?p=297289"},"modified":"2025-12-10T07:45:25","modified_gmt":"2025-12-10T11:45:25","slug":"maria-corina-machado-no-llegara-a-la-ceremonia-de-premiacion-del-nobel-de-la-paz","status":"publish","type":"post","link":"https:\/\/elluchador.info\/?p=297289","title":{"rendered":"Mar\u00eda Corina Machado no llegar\u00e1 a la ceremonia de premiaci\u00f3n del Nobel de la Paz"},"content":{"rendered":"\n<p>\u200eEl Instituto Nobel confirm\u00f3 este 10 de diciembre que la l\u00edder opositora venezolana Mar\u00eda Corina Machado estar\u00e1 en Oslo, aunque no llegar\u00e1 a la ceremonia de entrega del Premio Nobel de la Paz.<br>\u200e<br>\u200e\u201cLa laureada con el Premio Nobel de la Paz, Mar\u00eda Corina Machado, ha hecho todo lo que est\u00e1 en su poder para asistir a la ceremonia de hoy. Se trata de un viaje en una situaci\u00f3n de peligro extremo. Aunque no podr\u00e1 llegar a la ceremonia ni a los eventos de hoy, estamos profundamente felices de confirmar que est\u00e1 a salvo y que estar\u00e1 con nosotros en Oslo\u201d, se\u00f1al\u00f3 el Instituto Nobel.<br>\u200e<br>\u200eHoras antes, el director del Instituto Nobel, Kristian Berg Harpviken, dijo a la cadena de televisi\u00f3n p\u00fablica noruega NRK que la exdiputada no estar\u00e1 hoy en Oslo para recoger el premio.<br>\u200e<br>\u200e\u201cDesgraciadamente todav\u00eda no est\u00e1 en Noruega y no estar\u00e1 tampoco en el escenario en el ayuntamiento de Oslo cuando comience la ceremonia\u201d, declar\u00f3, y adelant\u00f3 que ser\u00e1 la hija de Machado, Ana Corina Sosa, quien recoja el premio en su lugar y lea el discurso de aceptaci\u00f3n del galard\u00f3n.<br>\u200e<br>\u200eCon informaci\u00f3n <strong><em>Eldiario.com<\/em><\/strong><\/p>\n","protected":false},"excerpt":{"rendered":"<p>\u200eEl Instituto Nobel confirm\u00f3 este 10 de diciembre que la l\u00edder opositora venezolana Mar\u00eda Corina Machado estar\u00e1 en Oslo, aunque no llegar\u00e1 a la ceremonia de entrega del Premio Nobel de la Paz.\u200e\u200e\u201cLa laureada con el Premio Nobel de la Paz, Mar\u00eda Corina Machado, ha hecho todo lo que est\u00e1 en su poder para asistir [&hellip;]<\/p>\n","protected":false},"author":33,"featured_media":297290,"comment_status":"closed","ping_status":"closed","sticky":false,"template":"","format":"standard","meta":{"footnotes":""},"categories":[5,11],"tags":[1577,6011,6012],"class_list":{"0":"post-297289","1":"post","2":"type-post","3":"status-publish","4":"format-standard","5":"has-post-thumbnail","7":"category-destacado","8":"category-politica","9":"tag-maria-corina-machado","10":"tag-nobel-de-la-paz","11":"tag-oslo"},"_links":{"self":[{"href":"https:\/\/elluchador.info\/index.php?rest_route=\/wp\/v2\/posts\/297289","targetHints":{"allow":["GET"]}}],"collection":[{"href":"https:\/\/elluchador.info\/index.php?rest_route=\/wp\/v2\/posts"}],"about":[{"href":"https:\/\/elluchador.info\/index.php?rest_route=\/wp\/v2\/types\/post"}],"author":[{"embeddable":true,"href":"https:\/\/elluchador.info\/index.php?rest_route=\/wp\/v2\/users\/33"}],"replies":[{"embeddable":true,"href":"https:\/\/elluchador.info\/index.php?rest_route=%2Fwp%2Fv2%2Fcomments&post=297289"}],"version-history":[{"count":1,"href":"https:\/\/elluchador.info\/index.php?rest_route=\/wp\/v2\/posts\/297289\/revisions"}],"predecessor-version":[{"id":297291,"href":"https:\/\/elluchador.info\/index.php?rest_route=\/wp\/v2\/posts\/297289\/revisions\/297291"}],"wp:featuredmedia":[{"embeddable":true,"href":"https:\/\/elluchador.info\/index.php?rest_route=\/wp\/v2\/media\/297290"}],"wp:attachment":[{"href":"https:\/\/elluchador.info\/index.php?rest_route=%2Fwp%2Fv2%2Fmedia&parent=297289"}],"wp:term":[{"taxonomy":"category","embeddable":true,"href":"https:\/\/elluchador.info\/index.php?rest_route=%2Fwp%2Fv2%2Fcategories&post=297289"},{"taxonomy":"post_tag","embeddable":true,"href":"https:\/\/elluchador.info\/index.php?rest_route=%2Fwp%2Fv2%2Ftags&post=297289"}],"curies":[{"name":"wp","href":"https:\/\/api.w.org\/{rel}","templated":true}]}}