{"id":297295,"date":"2025-12-10T11:10:25","date_gmt":"2025-12-10T15:10:25","guid":{"rendered":"https:\/\/elluchador.info\/?p=297295"},"modified":"2025-12-10T11:10:58","modified_gmt":"2025-12-10T15:10:58","slug":"congreso-de-brasil-aprueba-ley-para-reducir-pena-a-bolsonaro","status":"publish","type":"post","link":"https:\/\/elluchador.info\/?p=297295","title":{"rendered":"Congreso de Brasil aprueba ley para reducir pena a Bolsonaro"},"content":{"rendered":"\n<p>La c\u00e1mara baja de Brasil aprob\u00f3 la madrugada de este mi\u00e9rcoles un proyecto de ley que puede reducir dr\u00e1sticamente la pena del expresidente Jair Bolsonaro, condenado a 27 a\u00f1os de c\u00e1rcel por golpismo.<\/p>\n\n\n\n<p>Los diputados apoyaron, por <strong><em>291 votos a favor, 148 en contra<\/em><\/strong> y una abstenci\u00f3n, la medida que ahora deber\u00e1 ser discutida en el Senado y que puede beneficiar a Bolsonaro, condenado en septiembre por la Corte Suprema por intento de golpe de Estado contra el actual presidente Luiz Inacio Lula da Silva.<\/p>\n\n\n\n<p>De ser ratificado en el Senado, el l\u00edder ultraderechista de 70 a\u00f1os y tras las rejas desde finales de noviembre, podr\u00e1 reducir su pena a poco m\u00e1s de dos a\u00f1os de prisi\u00f3n.<\/p>\n\n\n\n<p>El proyecto impide que se acumulen las penas de dos de los cr\u00edmenes por los que fue condenado el exmandatario (2019-2022), el de intento de abolici\u00f3n violenta del Estado democr\u00e1tico de derecho y el de golpe de Estado.<\/p>\n\n\n\n<p>Por entender que se trata de tipos parecidos, se aplicar\u00eda solo la pena m\u00e1s grave de los dos, en este caso el de golpe de Estado, que prev\u00e9 hasta 12 a\u00f1os de prisi\u00f3n y que no se sumar\u00eda a la pena por intento de abolici\u00f3n violenta, que prev\u00e9 hasta ocho a\u00f1os de c\u00e1rcel.<\/p>\n\n\n\n<p>Adem\u00e1s, se propone reducir de un tercio a dos tercios la pena cuando los cr\u00edmenes por golpismo son practicados como parte de una \u00abmultitud\u00bb, como sucedi\u00f3 en el asalto por parte de cientos de bolsonaristas a las sedes del Ejecutivo, el Congreso y la Corte Suprema en Brasilia el 8 de enero de 2023.<\/p>\n\n\n\n<p><strong>Saldr\u00eda libre en poco m\u00e1s de dos a\u00f1os<\/strong><\/p>\n\n\n\n<p>Por \u00faltimo, el proyecto permite la progresi\u00f3n m\u00e1s r\u00e1pida del r\u00e9gimen cerrado al semiabierto para los condenados por estos cr\u00edmenes tras cumplir al menos una sexta parte de la pena o, en el caso de haber habido violencia, una cuarta parte de la misma.<\/p>\n\n\n\n<p>Seg\u00fan el ponente del proyecto, el diputado Paulo Pereira da Silva, Bolsonaro podr\u00eda dejar el r\u00e9gimen cerrado en poco m\u00e1s de dos a\u00f1os.<\/p>\n\n\n\n<p>Entre los beneficiarios potenciales del proyecto aprobado, figuran tambi\u00e9n los altos cargos militares y antiguos ministros condenados por apoyar los planes del exmandatario para mantenerse en el poder pese a haber sido derrotado por Luiz In\u00e1cio Lula da Silva en las urnas.<\/p>\n\n\n\n<p>El diputado Pereira present\u00f3 la iniciativa durante el debate como una medida de \u00abreconciliaci\u00f3n\u00bb que busca \u00abcorregir los excesos\u00bb en las penas impuestas por el Supremo, pero \u00absin evitar la responsabilizaci\u00f3n\u00bb.<\/p>\n\n\n\n<p><strong>Oficialismo rechaza proyecto de ley<\/strong><\/p>\n\n\n\n<p>\u00abEsta c\u00e1mara est\u00e1 abrazando el golpismo\u00bb, afirm\u00f3, por su parte, Lindbergh Farias, l\u00edder de los diputados del Partido de los Trabajadores (PT), la formaci\u00f3n de Lula.<\/p>\n\n\n\n<p>El Partido Liberal de Bolsonaro buscaba, en un inicio, una amnist\u00eda para anular completamente la pena del exmandatario, pero ese extremo fue rechazado por la mayor\u00eda de formaciones, incluido algunas de derecha, y los ultras se tuvieron que conformar con una versi\u00f3n menos ambiciosa.<\/p>\n\n\n\n<p>El l\u00edder de los diputados ultras, S\u00f3stenes Cavalcante, dijo durante el debate que era el texto \u00abposible\u00bb y que el expresidente lo apoya.<\/p>\n\n\n\n<p>El bolsonarismo rechaza que haya habido un intento de golpe, acusa al Supremo de tener motivaciones pol\u00edticas, y ha presentado el asalto del 8 de enero como un simple acto de vandalismo.<\/p>\n\n\n\n<p>La sesi\u00f3n de debates estuvo marcada por momentos de tensi\u00f3n, con empujones y forcejeos entre diputados y miembros del cuerpo de seguridad legislativa.<\/p>\n\n\n\n<p>Un diputado de izquierda ocup\u00f3 la silla de la presidencia de la C\u00e1mara baja como una forma de protesta antes de ser retirado a la fuerza, mientras tambi\u00e9n se expulsaba de la sala del pleno a los medios de comunicaci\u00f3n.<\/p>\n\n\n\n<p>Con informaci\u00f3n<strong><em> Agencias.-<\/em><\/strong><\/p>\n","protected":false},"excerpt":{"rendered":"<p>La c\u00e1mara baja de Brasil aprob\u00f3 la madrugada de este mi\u00e9rcoles un proyecto de ley que puede reducir dr\u00e1sticamente la pena del expresidente Jair Bolsonaro, condenado a 27 a\u00f1os de c\u00e1rcel por golpismo. Los diputados apoyaron, por 291 votos a favor, 148 en contra y una abstenci\u00f3n, la medida que ahora deber\u00e1 ser discutida en [&hellip;]<\/p>\n","protected":false},"author":33,"featured_media":297296,"comment_status":"closed","ping_status":"closed","sticky":false,"template":"","format":"standard","meta":{"footnotes":""},"categories":[5,8],"tags":[3035,687],"class_list":{"0":"post-297295","1":"post","2":"type-post","3":"status-publish","4":"format-standard","5":"has-post-thumbnail","7":"category-destacado","8":"category-internacionales","9":"tag-bolsonaro","10":"tag-brasil"},"_links":{"self":[{"href":"https:\/\/elluchador.info\/index.php?rest_route=\/wp\/v2\/posts\/297295","targetHints":{"allow":["GET"]}}],"collection":[{"href":"https:\/\/elluchador.info\/index.php?rest_route=\/wp\/v2\/posts"}],"about":[{"href":"https:\/\/elluchador.info\/index.php?rest_route=\/wp\/v2\/types\/post"}],"author":[{"embeddable":true,"href":"https:\/\/elluchador.info\/index.php?rest_route=\/wp\/v2\/users\/33"}],"replies":[{"embeddable":true,"href":"https:\/\/elluchador.info\/index.php?rest_route=%2Fwp%2Fv2%2Fcomments&post=297295"}],"version-history":[{"count":1,"href":"https:\/\/elluchador.info\/index.php?rest_route=\/wp\/v2\/posts\/297295\/revisions"}],"predecessor-version":[{"id":297297,"href":"https:\/\/elluchador.info\/index.php?rest_route=\/wp\/v2\/posts\/297295\/revisions\/297297"}],"wp:featuredmedia":[{"embeddable":true,"href":"https:\/\/elluchador.info\/index.php?rest_route=\/wp\/v2\/media\/297296"}],"wp:attachment":[{"href":"https:\/\/elluchador.info\/index.php?rest_route=%2Fwp%2Fv2%2Fmedia&parent=297295"}],"wp:term":[{"taxonomy":"category","embeddable":true,"href":"https:\/\/elluchador.info\/index.php?rest_route=%2Fwp%2Fv2%2Fcategories&post=297295"},{"taxonomy":"post_tag","embeddable":true,"href":"https:\/\/elluchador.info\/index.php?rest_route=%2Fwp%2Fv2%2Ftags&post=297295"}],"curies":[{"name":"wp","href":"https:\/\/api.w.org\/{rel}","templated":true}]}}