{"id":297322,"date":"2025-12-10T13:42:16","date_gmt":"2025-12-10T17:42:16","guid":{"rendered":"https:\/\/elluchador.info\/?p=297322"},"modified":"2025-12-10T13:42:20","modified_gmt":"2025-12-10T17:42:20","slug":"encuentro-yoga-celebro-12-anos-de-fundado-desde-el-asilo-san-vicente-de-paul","status":"publish","type":"post","link":"https:\/\/elluchador.info\/?p=297322","title":{"rendered":"Encuentro Yoga celebr\u00f3 12 a\u00f1os de fundado desde el asilo San Vicente de Pa\u00fal"},"content":{"rendered":"\n<p>El equipo del diario El Luchador acompa\u00f1\u00f3 el aniversario n\u00famero 12 de Encuentro Yoga que, como todos los a\u00f1os, decidi\u00f3 conmemorarlo en las instalaciones del asilo San Vicente de Pa\u00fal. Un lugar muy especial de nuestra ciudad que ya cuenta con 98 a\u00f1os de fundado y que alberga a varios ancianos bajo los cuidados y el apoyo de la Congregaci\u00f3n de Madres Franciscanas del Sagrado Coraz\u00f3n de Jes\u00fas.<\/p>\n\n\n\n<p>En este lugar, que no solamente genera atenci\u00f3n, alimentaci\u00f3n y cuidados a los abuelitos, sino que tambi\u00e9n apoya a una comunidad ind\u00edgena que hace vida en el sector Puente G\u00f3mez es, todos los a\u00f1os, el lugar donde el equipo de Encuentro Yoga sopla las velitas del aniversario.<\/p>\n\n\n<div class=\"wp-block-image\">\n<figure class=\"aligncenter size-full is-resized\"><img loading=\"lazy\" decoding=\"async\" width=\"828\" height=\"823\" src=\"https:\/\/elluchador.info\/wp-content\/uploads\/2025\/12\/IMG_3113.jpg\" alt=\"\" class=\"wp-image-297323\" style=\"aspect-ratio:1.0060756634669679;width:584px;height:auto\" srcset=\"https:\/\/elluchador.info\/wp-content\/uploads\/2025\/12\/IMG_3113.jpg 828w, https:\/\/elluchador.info\/wp-content\/uploads\/2025\/12\/IMG_3113-300x298.jpg 300w, https:\/\/elluchador.info\/wp-content\/uploads\/2025\/12\/IMG_3113-768x763.jpg 768w, https:\/\/elluchador.info\/wp-content\/uploads\/2025\/12\/IMG_3113-150x149.jpg 150w, https:\/\/elluchador.info\/wp-content\/uploads\/2025\/12\/IMG_3113-696x692.jpg 696w\" sizes=\"auto, (max-width: 828px) 100vw, 828px\" \/><\/figure>\n<\/div>\n\n\n<p>En esta oportunidad sus integrantes ofrecieron un desayuno navide\u00f1o para los abuelos, quienes adem\u00e1s disfrutaron de m\u00fasica en vivo a cargo del coro de la Universidad de la Tercera Edad, sorteos, y un momento muy especial que todos los presentes agradecieron.<\/p>\n\n\n\n<p>\u201cEstamos aqu\u00ed como cada a\u00f1o para honrar la Yoga, que no es solo posturas, es la expansi\u00f3n de la conciencia\u201d, dijo Maylen Berenguel, CEO de Encuentro Yoga. \u201cEs la oportunidad para agradecer y poder compartir en este lugar especial que merece la atenci\u00f3n de toda la ciudad\u201d, apunt\u00f3.<\/p>\n\n\n<div class=\"wp-block-image\">\n<figure class=\"aligncenter size-full is-resized\"><img loading=\"lazy\" decoding=\"async\" width=\"828\" height=\"433\" src=\"https:\/\/elluchador.info\/wp-content\/uploads\/2025\/12\/IMG_3114.jpg\" alt=\"\" class=\"wp-image-297324\" style=\"aspect-ratio:1.9122520820812225;width:630px;height:auto\" srcset=\"https:\/\/elluchador.info\/wp-content\/uploads\/2025\/12\/IMG_3114.jpg 828w, https:\/\/elluchador.info\/wp-content\/uploads\/2025\/12\/IMG_3114-300x157.jpg 300w, https:\/\/elluchador.info\/wp-content\/uploads\/2025\/12\/IMG_3114-768x402.jpg 768w, https:\/\/elluchador.info\/wp-content\/uploads\/2025\/12\/IMG_3114-150x78.jpg 150w, https:\/\/elluchador.info\/wp-content\/uploads\/2025\/12\/IMG_3114-696x364.jpg 696w\" sizes=\"auto, (max-width: 828px) 100vw, 828px\" \/><\/figure>\n<\/div>\n\n\n<p>La Madre Socorro, que tiene m\u00e1s de 50 a\u00f1os de su vida dedicados al asilo, agradeci\u00f3 la presencia del equipo y el gesto de compartir con los abuelos alimentos, obsequios y compa\u00f1\u00eda, durante una jornada que pone en pr\u00e1ctica la compasi\u00f3n y visibiliza este asilo de nuestra ciudad, el lugar que ejecuta a diario y sin descanso una de las labores m\u00e1s encomiables que como seres humanos podemos hacer: ayudar y cuidar de otros.<\/p>\n\n\n<div class=\"wp-block-image\">\n<figure class=\"aligncenter size-large is-resized\"><img loading=\"lazy\" decoding=\"async\" width=\"1024\" height=\"576\" src=\"https:\/\/elluchador.info\/wp-content\/uploads\/2025\/12\/IMG_3054-1024x576.jpg\" alt=\"\" class=\"wp-image-297325\" style=\"width:606px;height:auto\" srcset=\"https:\/\/elluchador.info\/wp-content\/uploads\/2025\/12\/IMG_3054-1024x576.jpg 1024w, https:\/\/elluchador.info\/wp-content\/uploads\/2025\/12\/IMG_3054-300x169.jpg 300w, https:\/\/elluchador.info\/wp-content\/uploads\/2025\/12\/IMG_3054-768x432.jpg 768w, https:\/\/elluchador.info\/wp-content\/uploads\/2025\/12\/IMG_3054-1536x864.jpg 1536w, https:\/\/elluchador.info\/wp-content\/uploads\/2025\/12\/IMG_3054-2048x1152.jpg 2048w, https:\/\/elluchador.info\/wp-content\/uploads\/2025\/12\/IMG_3054-150x84.jpg 150w, https:\/\/elluchador.info\/wp-content\/uploads\/2025\/12\/IMG_3054-696x392.jpg 696w, https:\/\/elluchador.info\/wp-content\/uploads\/2025\/12\/IMG_3054-1068x601.jpg 1068w, https:\/\/elluchador.info\/wp-content\/uploads\/2025\/12\/IMG_3054-1920x1080.jpg 1920w\" sizes=\"auto, (max-width: 1024px) 100vw, 1024px\" \/><\/figure>\n<\/div>\n\n\n<p>El asilo San Vicente de Pa\u00fal siempre agradece la mano amiga de quienes tengan la voluntad de apoyar con alimentos, ropa para damas y caballeros, lencer\u00eda y enseres, que respalde la operatividad diaria de la instituci\u00f3n, lo que se traduce en bienestar para los abuelitos.<\/p>\n\n\n\n<p><strong>Marilyn Luis<\/strong><\/p>\n","protected":false},"excerpt":{"rendered":"<p>El equipo del diario El Luchador acompa\u00f1\u00f3 el aniversario n\u00famero 12 de Encuentro Yoga que, como todos los a\u00f1os, decidi\u00f3 conmemorarlo en las instalaciones del asilo San Vicente de Pa\u00fal. Un lugar muy especial de nuestra ciudad que ya cuenta con 98 a\u00f1os de fundado y que alberga a varios ancianos bajo los cuidados y [&hellip;]<\/p>\n","protected":false},"author":33,"featured_media":297326,"comment_status":"closed","ping_status":"closed","sticky":false,"template":"","format":"standard","meta":{"footnotes":""},"categories":[5,20],"tags":[2610,185,306,6015],"class_list":{"0":"post-297322","1":"post","2":"type-post","3":"status-publish","4":"format-standard","5":"has-post-thumbnail","7":"category-destacado","8":"category-municipal","9":"tag-asilo","10":"tag-bolivar","11":"tag-ciudad-bolivar","12":"tag-san-vicente-de-paul"},"_links":{"self":[{"href":"https:\/\/elluchador.info\/index.php?rest_route=\/wp\/v2\/posts\/297322","targetHints":{"allow":["GET"]}}],"collection":[{"href":"https:\/\/elluchador.info\/index.php?rest_route=\/wp\/v2\/posts"}],"about":[{"href":"https:\/\/elluchador.info\/index.php?rest_route=\/wp\/v2\/types\/post"}],"author":[{"embeddable":true,"href":"https:\/\/elluchador.info\/index.php?rest_route=\/wp\/v2\/users\/33"}],"replies":[{"embeddable":true,"href":"https:\/\/elluchador.info\/index.php?rest_route=%2Fwp%2Fv2%2Fcomments&post=297322"}],"version-history":[{"count":1,"href":"https:\/\/elluchador.info\/index.php?rest_route=\/wp\/v2\/posts\/297322\/revisions"}],"predecessor-version":[{"id":297327,"href":"https:\/\/elluchador.info\/index.php?rest_route=\/wp\/v2\/posts\/297322\/revisions\/297327"}],"wp:featuredmedia":[{"embeddable":true,"href":"https:\/\/elluchador.info\/index.php?rest_route=\/wp\/v2\/media\/297326"}],"wp:attachment":[{"href":"https:\/\/elluchador.info\/index.php?rest_route=%2Fwp%2Fv2%2Fmedia&parent=297322"}],"wp:term":[{"taxonomy":"category","embeddable":true,"href":"https:\/\/elluchador.info\/index.php?rest_route=%2Fwp%2Fv2%2Fcategories&post=297322"},{"taxonomy":"post_tag","embeddable":true,"href":"https:\/\/elluchador.info\/index.php?rest_route=%2Fwp%2Fv2%2Ftags&post=297322"}],"curies":[{"name":"wp","href":"https:\/\/api.w.org\/{rel}","templated":true}]}}