{"id":297328,"date":"2025-12-10T15:15:04","date_gmt":"2025-12-10T19:15:04","guid":{"rendered":"https:\/\/elluchador.info\/?p=297328"},"modified":"2025-12-10T15:15:11","modified_gmt":"2025-12-10T19:15:11","slug":"hija-de-la-lider-opositora-maria-corina-machado-recibio-el-nobel-de-la-paz","status":"publish","type":"post","link":"https:\/\/elluchador.info\/?p=297328","title":{"rendered":"Hija de la l\u00edder opositora Mar\u00eda Corina Machado recibi\u00f3 el Nobel de la Paz"},"content":{"rendered":"\n<p>Aproximadamente a las 8:00 a.m. (hora de Venezuela) de este mi\u00e9rcoles, 10 de diciembre, comenz\u00f3 la ceremonia de entrega del Premio Nobel de la Paz, distinci\u00f3n que por primera vez en la historia recae sobre una persona venezolana: la l\u00edder Mar\u00eda Corina Machado.<\/p>\n\n\n\n<p>Poco antes, Machado anunci\u00f3 que lamentablemente no podr\u00eda llegar a tiempo para la ceremonia, pese a que hizo todo lo que estaba a su alcance para asistir. Sin embargo, confirm\u00f3 que s\u00ed llegar\u00e1 a Oslo, Noruega.<\/p>\n\n\n\n<p>En consecuencia, como ha sucedido con otros galardones, el reconocimiento fue entregado a la hija de la dirigente, Ana Corina Sosa.<\/p>\n\n\n\n<p>El evento dio inicio con una presentaci\u00f3n del cantante venezolano Danny Ocean, quien interpret\u00f3 una versi\u00f3n acompa\u00f1ada con piano del \u2018Alma Llanera\u00bb.<\/p>\n\n\n\n<p>Seguidamente, J\u00f8rgen Watne Frydnes, presidente del comit\u00e9 noruego del Nobel de la Paz, dio un discurso centrado en venezolanos que han sido v\u00edctimas de violaciones de los derechos humanos. Mencion\u00f3, entre otros, la reciente muerte bajo custodia del Estado de Alfredo D\u00edaz, exgobernador del estado Nueva Esparta.<\/p>\n\n\n\n<p>\u00abMientras estamos aqu\u00ed sentados, cientos de personas inocentes est\u00e1n encerradas en Venezuela\u00bb, agreg\u00f3.<\/p>\n\n\n<div class=\"wp-block-image\">\n<figure class=\"aligncenter size-full is-resized\"><img loading=\"lazy\" decoding=\"async\" width=\"740\" height=\"499\" src=\"https:\/\/elluchador.info\/wp-content\/uploads\/2025\/12\/1-2.webp\" alt=\"\" class=\"wp-image-297329\" style=\"aspect-ratio:1.482971002430336;width:666px;height:auto\" srcset=\"https:\/\/elluchador.info\/wp-content\/uploads\/2025\/12\/1-2.webp 740w, https:\/\/elluchador.info\/wp-content\/uploads\/2025\/12\/1-2-300x202.webp 300w, https:\/\/elluchador.info\/wp-content\/uploads\/2025\/12\/1-2-150x101.webp 150w, https:\/\/elluchador.info\/wp-content\/uploads\/2025\/12\/1-2-696x469.webp 696w\" sizes=\"auto, (max-width: 740px) 100vw, 740px\" \/><\/figure>\n<\/div>\n\n\n<p>M\u00e1s adelante, hizo menci\u00f3n del hecho de que la ganadora del Premio no pudo llegar a la ceremonia.<\/p>\n\n\n\n<p>\u00abEstamos profundamente contentos de confirmar que Mar\u00eda Corina Machado est\u00e1 segura y podemos confirmar que va a estar aqu\u00ed con nosotros, en Oslo\u00bb expres\u00f3.<\/p>\n\n\n\n<p>J\u00f8rgen Watne Frydnes tambi\u00e9n mencion\u00f3 la presencia de dirigentes opositores venezolanos en la ceremonia y destac\u00f3 especialmente a Edmundo Gonz\u00e1lez Urrutia, a quien present\u00f3 como presidente electo de Venezuela, quien fue ovacionado.<\/p>\n\n\n\n<p>En otro momento del discurso, Watne Frydnes dijo que \u00abNicol\u00e1s Maduro solo sabe utilizar la violencia y propaga la inestabilidad al extranjero\u00bb.<\/p>\n\n\n<div class=\"wp-block-image\">\n<figure class=\"aligncenter size-large is-resized\"><img loading=\"lazy\" decoding=\"async\" width=\"1024\" height=\"452\" src=\"https:\/\/elluchador.info\/wp-content\/uploads\/2025\/12\/11-1024x452.jpg\" alt=\"\" class=\"wp-image-297330\" style=\"width:636px;height:auto\" srcset=\"https:\/\/elluchador.info\/wp-content\/uploads\/2025\/12\/11-1024x452.jpg 1024w, https:\/\/elluchador.info\/wp-content\/uploads\/2025\/12\/11-300x132.jpg 300w, https:\/\/elluchador.info\/wp-content\/uploads\/2025\/12\/11-768x339.jpg 768w, https:\/\/elluchador.info\/wp-content\/uploads\/2025\/12\/11-150x66.jpg 150w, https:\/\/elluchador.info\/wp-content\/uploads\/2025\/12\/11-696x307.jpg 696w, https:\/\/elluchador.info\/wp-content\/uploads\/2025\/12\/11-1068x471.jpg 1068w, https:\/\/elluchador.info\/wp-content\/uploads\/2025\/12\/11.jpg 1258w\" sizes=\"auto, (max-width: 1024px) 100vw, 1024px\" \/><\/figure>\n<\/div>\n\n\n<p>Asimismo, remarc\u00f3 que Machado ha fomentado el di\u00e1logo durante a\u00f1os.<\/p>\n\n\n\n<p>\u00abEl di\u00e1logo puede llevar a la paz, pero tambi\u00e9n puede ser una trampa. Mar\u00eda Corina rechaza di\u00e1logos vac\u00edos. Paz sin justicia no es paz\u00ab, aclar\u00f3.<\/p>\n\n\n\n<p>Tambi\u00e9n dirigi\u00f3 unas palabras directamente a Nicol\u00e1s Maduro: \u00abAcepte los resultados electorales y v\u00e1yase\u00bb.<\/p>\n\n\n\n<p><strong>Ana Corina Sosa<\/strong><\/p>\n\n\n\n<p>Tras finalizar el discurso, el presidente del comit\u00e9 del Nobel de la Paz a Ana Corina Sosa para que recibiera la medalla de oro y el reconocimiento en nombre de su madre, Mar\u00eda Corina Machado.<\/p>\n\n\n\n<p>En ese momento, los presentes -incluida la madre de Machado, Edmundo Gonz\u00e1lez y sus esposa, as\u00ed como numerosos presidentes latinoamericanos y figuras relevantes de la pol\u00edtica mundial- hicieron una ovaci\u00f3n en honor a la galardonada.<\/p>\n\n\n\n<p>Tras un n\u00famero musical, Sosa Machado dio un discurso en nombre de su madre, en el que, ante todo, dio las gracias en nombre de su familia y del pueblo venezolano al comit\u00e9 noruego por honrar la lucha por la democracia con el Premio Nobel de la Paz.<\/p>\n\n\n\n<p>\u00abAunque no pudo llegar a la ceremonia, mi madre nunca rompe una promesa. As\u00ed que les puedo confirmar que va a estar y que le podremos dar un abrazo despu\u00e9s de 16 largos meses\u00ab, dijo Sosa Machado y remarc\u00f3 que su madre va a regresar a Venezuela muy pronto, tras su paso por Oslo.<\/p>\n\n\n\n<p>\u00abMientras espero abrazarla y verla, pienso en todas las hijas que en Venezuela no podr\u00e1n abrazar a sus madres. Eso es lo que mueve a mi mam\u00e1 y por eso es que muy pronto estar\u00e1 en Venezuela\u00bb, a\u00f1adi\u00f3.<\/p>\n\n\n\n<p>Despu\u00e9s ofreci\u00f3 un discurso que fue preparado por Machado, en el que se hizo un repaso por la historia de Venezuela, remarcando que Venezuela escribi\u00f3 la primera Constituci\u00f3n en Hispanoam\u00e9rica, una demostraci\u00f3n de la \u00abconvicci\u00f3n de luchar por la libertad\u00bb.<\/p>\n\n\n\n<p>Tambi\u00e9n hubo menci\u00f3n del boom petrolero, as\u00ed como la fundaci\u00f3n de universidades y la construcci\u00f3n de grandes obras y el recibimiento de migrantes de Europa y Am\u00e9rica del Sur.<\/p>\n\n\n\n<p>En adelante, prosigui\u00f3 se\u00f1alando que a pesar de que en su momento Venezuela haya tenido una democracia s\u00f3lida, la corrupci\u00f3n y los intentos de golpes de Estados fracturaron la institucionalidad.<\/p>\n\n\n\n<p>M\u00e1s adelante, destac\u00f3 la \u00ablucha contra una dictadura\u00bb que ya lleva casi tres d\u00e9cadas\u00bb y que ha conllevado que 9 millones de venezolanos abandonen su pa\u00eds.<\/p>\n\n\n\n<p>\u00abEstas no son estad\u00edsticas, son heridas abiertas\u00ab, expres\u00f3.<\/p>\n\n\n\n<p>Acto seguido, hizo \u00e9nfasis en el recorrido que hizo Mar\u00eda Corina Machado por todo el pa\u00eds en el contexto de las elecciones primarias de la oposici\u00f3n y los comicios presidenciales.<\/p>\n\n\n\n<p>Enfatiz\u00f3 la inhabilitaci\u00f3n pol\u00edtica de Mar\u00eda Corina Machado y que en ese contexto emergi\u00f3 la figura de Edmundo Gonz\u00e1lez como candidato presidencial.<\/p>\n\n\n\n<p>De igual manera, destac\u00f3 la organizaci\u00f3n ciudadana para proteger los resultados electorales y los esfuerzos para crear la infraestructura para la difusi\u00f3n masiva de las actas.<\/p>\n\n\n\n<p>M\u00e1s adelante, siempre en nombre de Machado, Sosa dijo agradeci\u00f3 a su familia y al pueblo venezolano, al que expres\u00f3 la certeza de que se producir\u00e1 un cambio que conllevar\u00e1 el regreso de millones de migrantes.<\/p>\n\n\n\n<p>\u00abA ellos les pertenece este premio, a ellos les pertenece el futuro\u00bb, finaliz\u00f3.<\/p>\n\n\n\n<p>Con informaci\u00f3n <strong><em>Agencias.-<\/em><\/strong><\/p>\n","protected":false},"excerpt":{"rendered":"<p>Aproximadamente a las 8:00 a.m. (hora de Venezuela) de este mi\u00e9rcoles, 10 de diciembre, comenz\u00f3 la ceremonia de entrega del Premio Nobel de la Paz, distinci\u00f3n que por primera vez en la historia recae sobre una persona venezolana: la l\u00edder Mar\u00eda Corina Machado. Poco antes, Machado anunci\u00f3 que lamentablemente no podr\u00eda llegar a tiempo para [&hellip;]<\/p>\n","protected":false},"author":33,"featured_media":297331,"comment_status":"closed","ping_status":"closed","sticky":false,"template":"","format":"standard","meta":{"footnotes":""},"categories":[8],"tags":[6011],"class_list":{"0":"post-297328","1":"post","2":"type-post","3":"status-publish","4":"format-standard","5":"has-post-thumbnail","7":"category-internacionales","8":"tag-nobel-de-la-paz"},"_links":{"self":[{"href":"https:\/\/elluchador.info\/index.php?rest_route=\/wp\/v2\/posts\/297328","targetHints":{"allow":["GET"]}}],"collection":[{"href":"https:\/\/elluchador.info\/index.php?rest_route=\/wp\/v2\/posts"}],"about":[{"href":"https:\/\/elluchador.info\/index.php?rest_route=\/wp\/v2\/types\/post"}],"author":[{"embeddable":true,"href":"https:\/\/elluchador.info\/index.php?rest_route=\/wp\/v2\/users\/33"}],"replies":[{"embeddable":true,"href":"https:\/\/elluchador.info\/index.php?rest_route=%2Fwp%2Fv2%2Fcomments&post=297328"}],"version-history":[{"count":1,"href":"https:\/\/elluchador.info\/index.php?rest_route=\/wp\/v2\/posts\/297328\/revisions"}],"predecessor-version":[{"id":297332,"href":"https:\/\/elluchador.info\/index.php?rest_route=\/wp\/v2\/posts\/297328\/revisions\/297332"}],"wp:featuredmedia":[{"embeddable":true,"href":"https:\/\/elluchador.info\/index.php?rest_route=\/wp\/v2\/media\/297331"}],"wp:attachment":[{"href":"https:\/\/elluchador.info\/index.php?rest_route=%2Fwp%2Fv2%2Fmedia&parent=297328"}],"wp:term":[{"taxonomy":"category","embeddable":true,"href":"https:\/\/elluchador.info\/index.php?rest_route=%2Fwp%2Fv2%2Fcategories&post=297328"},{"taxonomy":"post_tag","embeddable":true,"href":"https:\/\/elluchador.info\/index.php?rest_route=%2Fwp%2Fv2%2Ftags&post=297328"}],"curies":[{"name":"wp","href":"https:\/\/api.w.org\/{rel}","templated":true}]}}