{"id":297338,"date":"2025-12-10T15:45:31","date_gmt":"2025-12-10T19:45:31","guid":{"rendered":"https:\/\/elluchador.info\/?p=297338"},"modified":"2025-12-10T15:45:35","modified_gmt":"2025-12-10T19:45:35","slug":"la-casa-de-papel-berlin-y-la-dama-del-armino-llegara-a-netflix-en-2026","status":"publish","type":"post","link":"https:\/\/elluchador.info\/?p=297338","title":{"rendered":"La Casa de Papel: \u2018Berl\u00edn y la Dama del Armi\u00f1o\u2019 llegar\u00e1 a Netflix en 2026"},"content":{"rendered":"\n<p>Netflix anunci\u00f3 este mi\u00e9rcoles, 10 de diciembre, que ya tiene fecha de estreno para la segunda temporada de precuela de <em><strong>\u2018La Casa de Papel\u2019<\/strong><\/em> centrada en el personaje de \u2018Berl\u00edn\u2019, interpretado por el actor espa\u00f1ol Pedro Alonso.<\/p>\n\n\n\n<p>Cabe recordar que la primera temporada del spinoff se titula simplemente \u2018Berl\u00edn\u2019 y temporalmente sucede antes de los acontecimientos de \u2018La Casa de Papel\u2019. Ahora bien, la segunda temporada de esta precuela lleva por nombre \u2018Berl\u00edn y la Dama del Armi\u00f1o\u2019, lo que sugiere una intertextualidad con la aclamada pintura del italiano Leonardo da Vinci.<\/p>\n\n\n\n<p>La serie llegar\u00e1 a la plataforma de streaming el 15 de mayo de 2026.<\/p>\n\n\n\n<figure class=\"wp-block-video\"><video height=\"1920\" style=\"aspect-ratio: 1080 \/ 1920;\" width=\"1080\" autoplay controls muted src=\"https:\/\/elluchador.info\/wp-content\/uploads\/2025\/12\/post-netflixes-dec-10-2025-1.mp4\" playsinline><\/video><\/figure>\n\n\n\n<p>En el tr\u00e1iler se revela que \u2018Berl\u00edn\u2019 planea robar a alguien \u00abm\u00e1s delincuente\u00bb que \u00e9l mismo, lo que considera el crimen perfecto porque \u00abla v\u00edctima\u00bb no podr\u00e1 denunciar.<\/p>\n\n\n\n<p>El elenco est\u00e1 encabezado por Pedro Alonso, Michelle Jenner, Trist\u00e1n Ulloa, Bego\u00f1a Vargas, Julio Pe\u00f1a Fern\u00e1ndez y Joel S\u00e1nchez, quienes retomar\u00e1n sus papeles de la primera temporada.<\/p>\n\n\n\n<p>Con informaci\u00f3n<strong> AFP<\/strong><\/p>\n","protected":false},"excerpt":{"rendered":"<p>Netflix anunci\u00f3 este mi\u00e9rcoles, 10 de diciembre, que ya tiene fecha de estreno para la segunda temporada de precuela de \u2018La Casa de Papel\u2019 centrada en el personaje de \u2018Berl\u00edn\u2019, interpretado por el actor espa\u00f1ol Pedro Alonso. Cabe recordar que la primera temporada del spinoff se titula simplemente \u2018Berl\u00edn\u2019 y temporalmente sucede antes de los [&hellip;]<\/p>\n","protected":false},"author":33,"featured_media":297339,"comment_status":"closed","ping_status":"closed","sticky":false,"template":"","format":"standard","meta":{"footnotes":""},"categories":[7],"tags":[2468,6016],"class_list":{"0":"post-297338","1":"post","2":"type-post","3":"status-publish","4":"format-standard","5":"has-post-thumbnail","7":"category-entretenimiento","8":"tag-berlin","9":"tag-la-casa-de-papel"},"_links":{"self":[{"href":"https:\/\/elluchador.info\/index.php?rest_route=\/wp\/v2\/posts\/297338","targetHints":{"allow":["GET"]}}],"collection":[{"href":"https:\/\/elluchador.info\/index.php?rest_route=\/wp\/v2\/posts"}],"about":[{"href":"https:\/\/elluchador.info\/index.php?rest_route=\/wp\/v2\/types\/post"}],"author":[{"embeddable":true,"href":"https:\/\/elluchador.info\/index.php?rest_route=\/wp\/v2\/users\/33"}],"replies":[{"embeddable":true,"href":"https:\/\/elluchador.info\/index.php?rest_route=%2Fwp%2Fv2%2Fcomments&post=297338"}],"version-history":[{"count":2,"href":"https:\/\/elluchador.info\/index.php?rest_route=\/wp\/v2\/posts\/297338\/revisions"}],"predecessor-version":[{"id":297343,"href":"https:\/\/elluchador.info\/index.php?rest_route=\/wp\/v2\/posts\/297338\/revisions\/297343"}],"wp:featuredmedia":[{"embeddable":true,"href":"https:\/\/elluchador.info\/index.php?rest_route=\/wp\/v2\/media\/297339"}],"wp:attachment":[{"href":"https:\/\/elluchador.info\/index.php?rest_route=%2Fwp%2Fv2%2Fmedia&parent=297338"}],"wp:term":[{"taxonomy":"category","embeddable":true,"href":"https:\/\/elluchador.info\/index.php?rest_route=%2Fwp%2Fv2%2Fcategories&post=297338"},{"taxonomy":"post_tag","embeddable":true,"href":"https:\/\/elluchador.info\/index.php?rest_route=%2Fwp%2Fv2%2Ftags&post=297338"}],"curies":[{"name":"wp","href":"https:\/\/api.w.org\/{rel}","templated":true}]}}