{"id":297353,"date":"2025-12-10T17:11:20","date_gmt":"2025-12-10T21:11:20","guid":{"rendered":"https:\/\/elluchador.info\/?p=297353"},"modified":"2025-12-10T17:11:23","modified_gmt":"2025-12-10T21:11:23","slug":"anulan-pasaporte-del-cardenal-baltazar-porras","status":"publish","type":"post","link":"https:\/\/elluchador.info\/?p=297353","title":{"rendered":"Anulan pasaporte del cardenal Baltazar Porras"},"content":{"rendered":"\n<p>Este mi\u00e9rcoles 10 de diciembre el cardenal Baltazar Porras, inform\u00f3 sobre la \u00abanulaci\u00f3n\u00bb\u00a0de su pasaporte por funcionarios cuando intentaba viajar desde el Aeropuerto de Maiquet\u00eda.<\/p>\n\n\n\n<p>El purpurado viajar\u00eda a Colombia con destino final en Espa\u00f1a. El cardenal debi\u00f3 regresar a su residencia en Caracas ante la imposibilidad de viajar.<\/p>\n\n\n\n<figure class=\"wp-block-gallery has-nested-images columns-default is-cropped wp-block-gallery-1 is-layout-flex wp-block-gallery-is-layout-flex\">\n<figure class=\"wp-block-image size-large\"><img loading=\"lazy\" decoding=\"async\" width=\"806\" height=\"1024\" data-id=\"297355\" src=\"https:\/\/elluchador.info\/wp-content\/uploads\/2025\/12\/post-ntn24ve-dec-10-2025-806x1024.jpeg\" alt=\"\" class=\"wp-image-297355\" srcset=\"https:\/\/elluchador.info\/wp-content\/uploads\/2025\/12\/post-ntn24ve-dec-10-2025-806x1024.jpeg 806w, https:\/\/elluchador.info\/wp-content\/uploads\/2025\/12\/post-ntn24ve-dec-10-2025-236x300.jpeg 236w, https:\/\/elluchador.info\/wp-content\/uploads\/2025\/12\/post-ntn24ve-dec-10-2025-768x975.jpeg 768w, https:\/\/elluchador.info\/wp-content\/uploads\/2025\/12\/post-ntn24ve-dec-10-2025-1209x1536.jpeg 1209w, https:\/\/elluchador.info\/wp-content\/uploads\/2025\/12\/post-ntn24ve-dec-10-2025-150x191.jpeg 150w, https:\/\/elluchador.info\/wp-content\/uploads\/2025\/12\/post-ntn24ve-dec-10-2025-300x381.jpeg 300w, https:\/\/elluchador.info\/wp-content\/uploads\/2025\/12\/post-ntn24ve-dec-10-2025-696x884.jpeg 696w, https:\/\/elluchador.info\/wp-content\/uploads\/2025\/12\/post-ntn24ve-dec-10-2025-1068x1357.jpeg 1068w, https:\/\/elluchador.info\/wp-content\/uploads\/2025\/12\/post-ntn24ve-dec-10-2025.jpeg 1440w\" sizes=\"auto, (max-width: 806px) 100vw, 806px\" \/><\/figure>\n\n\n\n<figure class=\"wp-block-image size-large\"><img loading=\"lazy\" decoding=\"async\" width=\"806\" height=\"1024\" data-id=\"297354\" src=\"https:\/\/elluchador.info\/wp-content\/uploads\/2025\/12\/post-ntn24ve-dec-10-2025-1-806x1024.jpeg\" alt=\"\" class=\"wp-image-297354\" srcset=\"https:\/\/elluchador.info\/wp-content\/uploads\/2025\/12\/post-ntn24ve-dec-10-2025-1-806x1024.jpeg 806w, https:\/\/elluchador.info\/wp-content\/uploads\/2025\/12\/post-ntn24ve-dec-10-2025-1-236x300.jpeg 236w, https:\/\/elluchador.info\/wp-content\/uploads\/2025\/12\/post-ntn24ve-dec-10-2025-1-768x975.jpeg 768w, https:\/\/elluchador.info\/wp-content\/uploads\/2025\/12\/post-ntn24ve-dec-10-2025-1-1209x1536.jpeg 1209w, https:\/\/elluchador.info\/wp-content\/uploads\/2025\/12\/post-ntn24ve-dec-10-2025-1-150x191.jpeg 150w, https:\/\/elluchador.info\/wp-content\/uploads\/2025\/12\/post-ntn24ve-dec-10-2025-1-300x381.jpeg 300w, https:\/\/elluchador.info\/wp-content\/uploads\/2025\/12\/post-ntn24ve-dec-10-2025-1-696x884.jpeg 696w, https:\/\/elluchador.info\/wp-content\/uploads\/2025\/12\/post-ntn24ve-dec-10-2025-1-1068x1357.jpeg 1068w, https:\/\/elluchador.info\/wp-content\/uploads\/2025\/12\/post-ntn24ve-dec-10-2025-1.jpeg 1440w\" sizes=\"auto, (max-width: 806px) 100vw, 806px\" \/><\/figure>\n<\/figure>\n","protected":false},"excerpt":{"rendered":"<p>Este mi\u00e9rcoles 10 de diciembre el cardenal Baltazar Porras, inform\u00f3 sobre la \u00abanulaci\u00f3n\u00bb\u00a0de su pasaporte por funcionarios cuando intentaba viajar desde el Aeropuerto de Maiquet\u00eda. El purpurado viajar\u00eda a Colombia con destino final en Espa\u00f1a. El cardenal debi\u00f3 regresar a su residencia en Caracas ante la imposibilidad de viajar.<\/p>\n","protected":false},"author":33,"featured_media":297356,"comment_status":"closed","ping_status":"closed","sticky":false,"template":"","format":"standard","meta":{"footnotes":""},"categories":[11],"tags":[3707,2770],"class_list":{"0":"post-297353","1":"post","2":"type-post","3":"status-publish","4":"format-standard","5":"has-post-thumbnail","7":"category-politica","8":"tag-cardenal","9":"tag-politicas"},"_links":{"self":[{"href":"https:\/\/elluchador.info\/index.php?rest_route=\/wp\/v2\/posts\/297353","targetHints":{"allow":["GET"]}}],"collection":[{"href":"https:\/\/elluchador.info\/index.php?rest_route=\/wp\/v2\/posts"}],"about":[{"href":"https:\/\/elluchador.info\/index.php?rest_route=\/wp\/v2\/types\/post"}],"author":[{"embeddable":true,"href":"https:\/\/elluchador.info\/index.php?rest_route=\/wp\/v2\/users\/33"}],"replies":[{"embeddable":true,"href":"https:\/\/elluchador.info\/index.php?rest_route=%2Fwp%2Fv2%2Fcomments&post=297353"}],"version-history":[{"count":1,"href":"https:\/\/elluchador.info\/index.php?rest_route=\/wp\/v2\/posts\/297353\/revisions"}],"predecessor-version":[{"id":297357,"href":"https:\/\/elluchador.info\/index.php?rest_route=\/wp\/v2\/posts\/297353\/revisions\/297357"}],"wp:featuredmedia":[{"embeddable":true,"href":"https:\/\/elluchador.info\/index.php?rest_route=\/wp\/v2\/media\/297356"}],"wp:attachment":[{"href":"https:\/\/elluchador.info\/index.php?rest_route=%2Fwp%2Fv2%2Fmedia&parent=297353"}],"wp:term":[{"taxonomy":"category","embeddable":true,"href":"https:\/\/elluchador.info\/index.php?rest_route=%2Fwp%2Fv2%2Fcategories&post=297353"},{"taxonomy":"post_tag","embeddable":true,"href":"https:\/\/elluchador.info\/index.php?rest_route=%2Fwp%2Fv2%2Ftags&post=297353"}],"curies":[{"name":"wp","href":"https:\/\/api.w.org\/{rel}","templated":true}]}}