{"id":297376,"date":"2025-12-10T21:58:30","date_gmt":"2025-12-11T01:58:30","guid":{"rendered":"https:\/\/elluchador.info\/?p=297376"},"modified":"2025-12-10T21:58:32","modified_gmt":"2025-12-11T01:58:32","slug":"la-opositora-venezolana-maria-corina-machado-ya-esta-en-oslo","status":"publish","type":"post","link":"https:\/\/elluchador.info\/?p=297376","title":{"rendered":"La opositora venezolana Mar\u00eda Corina Machado ya est\u00e1 en Oslo"},"content":{"rendered":"\n<p>\u200eLa l\u00edder opositora de Venezuela y Premio Nobel de la Paz Mar\u00eda Corina Machado ya se encuentra en Oslo, seg\u00fan el presidente del Comit\u00e9 Nobel Noruego, J\u00f8rgen Watne Frydnes, donde se reunir\u00e1 con su familia en el Grand Hotel de la capital noruegay luego saludar\u00e1 a sus seguidores.<br>\u200e<br>\u200e\u00bbMar\u00eda Corina Machado ya est\u00e1 en Oslo y de camino para llegar ac\u00e1\u00bb, al hotel, se\u00f1al\u00f3 Frydnes a los medios y a los seguidores de la exdiputada que aplaudieron y\u00a0 gritaban \u00abvaliente\u00bb.<br>\u200e<br>\u200e\u00bbElla va a reunirse directamente con su familia, no habr\u00e1 ning\u00fan encuentro hoy\u00bb, a\u00f1adi\u00f3 el m\u00e1ximo responsable del Comit\u00e9 Nobel Noruego, quien agradeci\u00f3 a todos por un \u00abd\u00eda maravilloso\u00bb, en el que \u00e9l entreg\u00f3 a la hija de Machado, Ana Corina Sosa, el premio Nobel de la Paz al no llegar a tiempo a Oslo la opositora.<br>\u200e<br>\u200eSin embargo, luego su exjefa de campa\u00f1a, Magali Meda, indic\u00f3 que la opositora venezolana \u00abest\u00e1 en camino desde el aeropuerto, se reunir\u00e1 con familia\u00bb y saldr\u00e1 al balc\u00f3n del hotel porque los quiere saludar\u00bb.<br>\u200e<br>\u200eCon informaci\u00f3n <strong><em>Agencias-.<\/em><\/strong><\/p>\n","protected":false},"excerpt":{"rendered":"<p>\u200eLa l\u00edder opositora de Venezuela y Premio Nobel de la Paz Mar\u00eda Corina Machado ya se encuentra en Oslo, seg\u00fan el presidente del Comit\u00e9 Nobel Noruego, J\u00f8rgen Watne Frydnes, donde se reunir\u00e1 con su familia en el Grand Hotel de la capital noruegay luego saludar\u00e1 a sus seguidores.\u200e\u200e\u00bbMar\u00eda Corina Machado ya est\u00e1 en Oslo y [&hellip;]<\/p>\n","protected":false},"author":33,"featured_media":297377,"comment_status":"closed","ping_status":"closed","sticky":false,"template":"","format":"standard","meta":{"footnotes":""},"categories":[11],"tags":[1577,6012],"class_list":{"0":"post-297376","1":"post","2":"type-post","3":"status-publish","4":"format-standard","5":"has-post-thumbnail","7":"category-politica","8":"tag-maria-corina-machado","9":"tag-oslo"},"_links":{"self":[{"href":"https:\/\/elluchador.info\/index.php?rest_route=\/wp\/v2\/posts\/297376","targetHints":{"allow":["GET"]}}],"collection":[{"href":"https:\/\/elluchador.info\/index.php?rest_route=\/wp\/v2\/posts"}],"about":[{"href":"https:\/\/elluchador.info\/index.php?rest_route=\/wp\/v2\/types\/post"}],"author":[{"embeddable":true,"href":"https:\/\/elluchador.info\/index.php?rest_route=\/wp\/v2\/users\/33"}],"replies":[{"embeddable":true,"href":"https:\/\/elluchador.info\/index.php?rest_route=%2Fwp%2Fv2%2Fcomments&post=297376"}],"version-history":[{"count":1,"href":"https:\/\/elluchador.info\/index.php?rest_route=\/wp\/v2\/posts\/297376\/revisions"}],"predecessor-version":[{"id":297378,"href":"https:\/\/elluchador.info\/index.php?rest_route=\/wp\/v2\/posts\/297376\/revisions\/297378"}],"wp:featuredmedia":[{"embeddable":true,"href":"https:\/\/elluchador.info\/index.php?rest_route=\/wp\/v2\/media\/297377"}],"wp:attachment":[{"href":"https:\/\/elluchador.info\/index.php?rest_route=%2Fwp%2Fv2%2Fmedia&parent=297376"}],"wp:term":[{"taxonomy":"category","embeddable":true,"href":"https:\/\/elluchador.info\/index.php?rest_route=%2Fwp%2Fv2%2Fcategories&post=297376"},{"taxonomy":"post_tag","embeddable":true,"href":"https:\/\/elluchador.info\/index.php?rest_route=%2Fwp%2Fv2%2Ftags&post=297376"}],"curies":[{"name":"wp","href":"https:\/\/api.w.org\/{rel}","templated":true}]}}