{"id":297417,"date":"2025-12-11T11:46:00","date_gmt":"2025-12-11T15:46:00","guid":{"rendered":"https:\/\/elluchador.info\/?p=297417"},"modified":"2025-12-11T11:44:50","modified_gmt":"2025-12-11T15:44:50","slug":"cada-11-de-diciembre-se-celebra-el-dia-del-locutor-en-honor-a-renny-ottolina","status":"publish","type":"post","link":"https:\/\/elluchador.info\/?p=297417","title":{"rendered":"Cada 11 de diciembre se celebra el D\u00eda del locutor en honor a Renny Ottolina"},"content":{"rendered":"\n<p>Venezuela conmemora este 11 de diciembre, el D\u00eda Nacional del Locutor, una fecha significativa que rinde homenaje a la voz y el talento que a diario informan, educan y entretienen a la naci\u00f3n a trav\u00e9s de los medios de comunicaci\u00f3n, especialmente la radio.<\/p>\n\n\n\n<p>\u200bLa elecci\u00f3n de esta fecha se debe al natalicio de una de las figuras m\u00e1s emblem\u00e1ticas e influyentes de la comunicaci\u00f3n venezolana: Renny Ottolina, quien naci\u00f3 un 11 de diciembre de 1928.<\/p>\n\n\n\n<p><strong>\u200bUn legado que trasciende el micr\u00f3fono<\/strong><br>\u200bRenny Ottolina es recordado como un \u00edcono de la radio y la televisi\u00f3n, cuyo carisma, profesionalismo y visi\u00f3n dejaron una huella indeleble en la industria. Su impacto duradero en la radiodifusi\u00f3n nacional es un referente para las nuevas generaciones de profesionales del micr\u00f3fono.<\/p>\n\n\n\n<p>\u200bEl reconocimiento oficial de este d\u00eda fue establecido en 1998, buscando formalizar la gratitud y el respeto hacia la ardua labor de los locutores, quienes con su trabajo y \u00e9tica contribuyen de manera fundamental a:<br>\u200bInformar: Manteniendo al p\u00fablico al tanto de los acontecimientos nacionales e internacionales.<br>\u200bEducar: Difundiendo contenido de valor cultural y formativo.<br>\u200bEntretener: Creando espacios de esparcimiento y conexi\u00f3n.<\/p>\n\n\n\n<p>\u200bLa celebraci\u00f3n de hoy es un recordatorio de la importancia de la voz en la construcci\u00f3n del discurso p\u00fablico y la cultura del pa\u00eds.<br>\u200b<br>Con informaci\u00f3n de <strong>agencias<\/strong><\/p>\n","protected":false},"excerpt":{"rendered":"<p>Venezuela conmemora este 11 de diciembre, el D\u00eda Nacional del Locutor, una fecha significativa que rinde homenaje a la voz y el talento que a diario informan, educan y entretienen a la naci\u00f3n a trav\u00e9s de los medios de comunicaci\u00f3n, especialmente la radio. \u200bLa elecci\u00f3n de esta fecha se debe al natalicio de una de [&hellip;]<\/p>\n","protected":false},"author":38,"featured_media":297418,"comment_status":"closed","ping_status":"closed","sticky":false,"template":"","format":"standard","meta":{"footnotes":""},"categories":[3],"tags":[105],"class_list":{"0":"post-297417","1":"post","2":"type-post","3":"status-publish","4":"format-standard","5":"has-post-thumbnail","7":"category-curiosidades","8":"tag-venezuela"},"_links":{"self":[{"href":"https:\/\/elluchador.info\/index.php?rest_route=\/wp\/v2\/posts\/297417","targetHints":{"allow":["GET"]}}],"collection":[{"href":"https:\/\/elluchador.info\/index.php?rest_route=\/wp\/v2\/posts"}],"about":[{"href":"https:\/\/elluchador.info\/index.php?rest_route=\/wp\/v2\/types\/post"}],"author":[{"embeddable":true,"href":"https:\/\/elluchador.info\/index.php?rest_route=\/wp\/v2\/users\/38"}],"replies":[{"embeddable":true,"href":"https:\/\/elluchador.info\/index.php?rest_route=%2Fwp%2Fv2%2Fcomments&post=297417"}],"version-history":[{"count":1,"href":"https:\/\/elluchador.info\/index.php?rest_route=\/wp\/v2\/posts\/297417\/revisions"}],"predecessor-version":[{"id":297419,"href":"https:\/\/elluchador.info\/index.php?rest_route=\/wp\/v2\/posts\/297417\/revisions\/297419"}],"wp:featuredmedia":[{"embeddable":true,"href":"https:\/\/elluchador.info\/index.php?rest_route=\/wp\/v2\/media\/297418"}],"wp:attachment":[{"href":"https:\/\/elluchador.info\/index.php?rest_route=%2Fwp%2Fv2%2Fmedia&parent=297417"}],"wp:term":[{"taxonomy":"category","embeddable":true,"href":"https:\/\/elluchador.info\/index.php?rest_route=%2Fwp%2Fv2%2Fcategories&post=297417"},{"taxonomy":"post_tag","embeddable":true,"href":"https:\/\/elluchador.info\/index.php?rest_route=%2Fwp%2Fv2%2Ftags&post=297417"}],"curies":[{"name":"wp","href":"https:\/\/api.w.org\/{rel}","templated":true}]}}