{"id":297441,"date":"2025-12-11T15:08:00","date_gmt":"2025-12-11T19:08:00","guid":{"rendered":"https:\/\/elluchador.info\/?p=297441"},"modified":"2025-12-11T15:05:16","modified_gmt":"2025-12-11T19:05:16","slug":"muere-el-mitico-rockero-espanol-robe-iniesta-a-los-63-anos","status":"publish","type":"post","link":"https:\/\/elluchador.info\/?p=297441","title":{"rendered":"Muere el m\u00edtico rockero espa\u00f1ol Robe Iniesta a los 63 a\u00f1os"},"content":{"rendered":"\n<p>El mundo de la m\u00fasica en espa\u00f1ol se encuentra de luto tras confirmarse el fallecimiento de Roberto \u00abRobe\u00bb Iniesta este mi\u00e9rcoles a la edad de 63 a\u00f1os. El ic\u00f3nico cantante, guitarrista, compositor y poeta, conocido por ser el fundador y figura central del legendario grupo Extremoduro, muri\u00f3 a causa de un tromboembolismo pulmonar.<\/p>\n\n\n\n<p>\u200bEsta dolencia fue la misma que ya hab\u00eda obligado al artista a cancelar su \u00faltima gira el a\u00f1o pasado.<\/p>\n\n\n\n<p><strong>\u200bConfirmaci\u00f3n oficial<\/strong><br>\u200bLa tr\u00e1gica noticia, que comenz\u00f3 a circular de madrugada, fue oficialmente confirmada a trav\u00e9s de un emotivo comunicado publicado en la p\u00e1gina web oficial del artista.<\/p>\n\n\n\n<p>\u200b\u201cHoy despedimos al \u00faltimo gran fil\u00f3sofo, al \u00faltimo gran humanista y literato contempor\u00e1neo de lengua hispana, y al cantante cuyas melod\u00edas han conseguido estremecer a generaciones y generaciones\u201d, reza el mensaje que a\u00fan se puede leer en su p\u00e1gina de inicio.<\/p>\n\n\n\n<p><strong>\u200bUn legado inmortal<\/strong><br>\u200bRobe Iniesta es reconocido un\u00e1nimemente como una de las figuras m\u00e1s influyentes del rock transgresivo. Su carrera estuvo intr\u00ednsecamente ligada a Extremoduro, la banda que fund\u00f3 en 1987 y que, a lo largo de d\u00e9cadas, arrastr\u00f3 a masas de seguidores con su poes\u00eda cruda y sus melod\u00edas viscerales, hasta su disoluci\u00f3n final en 2020.<\/p>\n\n\n\n<p>\u200bSu obra ha dejado una huella indeleble en varias generaciones, consolid\u00e1ndolo no solo como un m\u00fasico, sino como un aut\u00e9ntico poeta contempor\u00e1neo de la lengua hispana.<\/p>\n\n\n\n<p>\u200bCon informaci\u00f3n de <strong>agencias<\/strong><\/p>\n\n\n\n<p><\/p>\n","protected":false},"excerpt":{"rendered":"<p>El mundo de la m\u00fasica en espa\u00f1ol se encuentra de luto tras confirmarse el fallecimiento de Roberto \u00abRobe\u00bb Iniesta este mi\u00e9rcoles a la edad de 63 a\u00f1os. El ic\u00f3nico cantante, guitarrista, compositor y poeta, conocido por ser el fundador y figura central del legendario grupo Extremoduro, muri\u00f3 a causa de un tromboembolismo pulmonar. \u200bEsta dolencia [&hellip;]<\/p>\n","protected":false},"author":38,"featured_media":297442,"comment_status":"closed","ping_status":"closed","sticky":false,"template":"","format":"standard","meta":{"footnotes":""},"categories":[7],"tags":[448],"class_list":{"0":"post-297441","1":"post","2":"type-post","3":"status-publish","4":"format-standard","5":"has-post-thumbnail","7":"category-entretenimiento","8":"tag-mundo"},"_links":{"self":[{"href":"https:\/\/elluchador.info\/index.php?rest_route=\/wp\/v2\/posts\/297441","targetHints":{"allow":["GET"]}}],"collection":[{"href":"https:\/\/elluchador.info\/index.php?rest_route=\/wp\/v2\/posts"}],"about":[{"href":"https:\/\/elluchador.info\/index.php?rest_route=\/wp\/v2\/types\/post"}],"author":[{"embeddable":true,"href":"https:\/\/elluchador.info\/index.php?rest_route=\/wp\/v2\/users\/38"}],"replies":[{"embeddable":true,"href":"https:\/\/elluchador.info\/index.php?rest_route=%2Fwp%2Fv2%2Fcomments&post=297441"}],"version-history":[{"count":1,"href":"https:\/\/elluchador.info\/index.php?rest_route=\/wp\/v2\/posts\/297441\/revisions"}],"predecessor-version":[{"id":297443,"href":"https:\/\/elluchador.info\/index.php?rest_route=\/wp\/v2\/posts\/297441\/revisions\/297443"}],"wp:featuredmedia":[{"embeddable":true,"href":"https:\/\/elluchador.info\/index.php?rest_route=\/wp\/v2\/media\/297442"}],"wp:attachment":[{"href":"https:\/\/elluchador.info\/index.php?rest_route=%2Fwp%2Fv2%2Fmedia&parent=297441"}],"wp:term":[{"taxonomy":"category","embeddable":true,"href":"https:\/\/elluchador.info\/index.php?rest_route=%2Fwp%2Fv2%2Fcategories&post=297441"},{"taxonomy":"post_tag","embeddable":true,"href":"https:\/\/elluchador.info\/index.php?rest_route=%2Fwp%2Fv2%2Ftags&post=297441"}],"curies":[{"name":"wp","href":"https:\/\/api.w.org\/{rel}","templated":true}]}}