{"id":297444,"date":"2025-12-11T15:17:00","date_gmt":"2025-12-11T19:17:00","guid":{"rendered":"https:\/\/elluchador.info\/?p=297444"},"modified":"2025-12-11T15:15:25","modified_gmt":"2025-12-11T19:15:25","slug":"karol-g-lanza-el-especial-la-premiere-en-su-canal-de-youtube","status":"publish","type":"post","link":"https:\/\/elluchador.info\/?p=297444","title":{"rendered":"Karol G lanza el especial \u2018La PremiEre\u2019 en su canal de Youtube"},"content":{"rendered":"\n<p> La superestrella colombiana Karol G ha lanzado en YouTube \u2018La PremiEre\u2019, un ambicioso especial de televisi\u00f3n que sirve como una pieza clave en el universo de su m\u00e1s reciente \u00e1lbum, \u2018Tropicoqueta\u2019. El programa, que fue emitido el pasado fin de semana en televisiones de cuarenta pa\u00edses, ya ha comenzado a cosechar \u00e9xitos tambi\u00e9n en la plataforma de videos.<\/p>\n\n\n\n<p>\u200bProducido por Bichota Films, la productora de la propia artista, \u2018La PremiEre\u2019 fue rodado en ic\u00f3nicas ciudades como Ciudad de M\u00e9xico, Cartagena, Los \u00c1ngeles y Medell\u00edn. Este fin de semana, el especial se pudo ver en una veintena de cadenas de televisi\u00f3n a nivel mundial, logrando una significativa repercusi\u00f3n.<\/p>\n\n\n\n<p>\u200b\u201cTantas generaciones diferentes unidas escuchando mi m\u00fasica. Ver la nostalgia que la gente puede sentir escuchando una canci\u00f3n m\u00eda es completamente m\u00e1gico,\u201d se\u00f1al\u00f3 Karol G en un comunicado distribuido por su agencia.<\/p>\n\n\n\n<p><strong>\u200bUn sue\u00f1o hecho realidad: Tributo a las vedettes latinas<\/strong><br>\u200bEl proyecto naci\u00f3 de un sue\u00f1o personal de la artista: rendir tributo a las legendarias vedettes latinas y, simult\u00e1neamente, lograr el objetivo nost\u00e1lgico de reunir a la familia frente a la televisi\u00f3n, \u00abcomo antiguamente\u00bb.<\/p>\n\n\n\n<p>\u200bLa artista comparti\u00f3 su motivaci\u00f3n en Instagram: \u201cDespu\u00e9s de un a\u00f1o construyendo este universo\u2026 lleg\u00f3 el momento de mostrarles c\u00f3mo se ve \u2018Tropicoqueta\u2019, mi disco, en energ\u00eda, en im\u00e1genes, en mi cabeza. \u2018La PremiEre\u2019 nace de un sue\u00f1o personal \u2026 volver a ver a las familias reunidas, celebrando, sintiendo, bailando, todos juntos frente al TV en la sala de la casa. Como en los viejos tiempos\u201d.<\/p>\n\n\n\n<p>\u200bDirigido por Carolina Giraldo (nombre real de Karol G), Pedro Artola y Stillz, el especial de televisi\u00f3n present\u00f3 actuaciones memorables y colaboraciones estelares, incluyendo:<br>\u200b\u2018Dile Luna\u2019 junto a Eddy Lover.<br>\u200b\u2018Coleccionando Heridas\u2019 con el \u00edcono mexicano Marco Antonio Sol\u00eds.<br>\u200b\u2018FKN Movie\u2019 con Mariah Angeliq.<br>\u200bAdem\u00e1s, el programa cont\u00f3 con apariciones especiales de figuras ic\u00f3nicas como La Tigresa del Oriente y la vedette brasile\u00f1a Valeria Valensa.<\/p>\n\n\n\n<p><strong>\u200bLiderazgo de audiencia global y reconocimiento de la cr\u00edtica<\/strong><br>\u200bCon una cuidada est\u00e9tica visual inspirada en los a\u00f1os 90 y 2000, \u2018La PremiEre\u2019 se emiti\u00f3 en Norteam\u00e9rica, Centroam\u00e9rica, Sudam\u00e9rica, el Caribe, Europa, \u00c1frica, Asia y Ocean\u00eda. Durante su emisi\u00f3n, el especial fue l\u00edder en su franja entre el target demogr\u00e1fico de hombres y mujeres de 25 a 34 a\u00f1os.<\/p>\n\n\n\n<p>\u200bTras su estreno digital, la versi\u00f3n completa en YouTube ya ha acumulado m\u00e1s de 466.000 visionados, demostrando la masiva respuesta de su p\u00fablico.<\/p>\n\n\n\n<p>\u200bEl \u00e1lbum que inspira el especial, \u2018Tropicoqueta\u2019, contin\u00faa recibiendo elogios, posicion\u00e1ndose en la lista de los mejores \u00e1lbumes de 2025 seg\u00fan publicaciones de prestigio como Pitchfork y Rolling Stone.<br>\u200bKarol G sigue haciendo historia, y en 2026 marcar\u00e1 un hito al convertirse en la primera artista latina en encabezar el cartel del festival Coachella.<\/p>\n\n\n\n<p>\u200bCon informaci\u00f3n de <strong>agencias<\/strong><\/p>\n\n\n\n<p><\/p>\n","protected":false},"excerpt":{"rendered":"<p>La superestrella colombiana Karol G ha lanzado en YouTube \u2018La PremiEre\u2019, un ambicioso especial de televisi\u00f3n que sirve como una pieza clave en el universo de su m\u00e1s reciente \u00e1lbum, \u2018Tropicoqueta\u2019. El programa, que fue emitido el pasado fin de semana en televisiones de cuarenta pa\u00edses, ya ha comenzado a cosechar \u00e9xitos tambi\u00e9n en la [&hellip;]<\/p>\n","protected":false},"author":38,"featured_media":297446,"comment_status":"closed","ping_status":"closed","sticky":false,"template":"","format":"standard","meta":{"footnotes":""},"categories":[7],"tags":[448],"class_list":{"0":"post-297444","1":"post","2":"type-post","3":"status-publish","4":"format-standard","5":"has-post-thumbnail","7":"category-entretenimiento","8":"tag-mundo"},"_links":{"self":[{"href":"https:\/\/elluchador.info\/index.php?rest_route=\/wp\/v2\/posts\/297444","targetHints":{"allow":["GET"]}}],"collection":[{"href":"https:\/\/elluchador.info\/index.php?rest_route=\/wp\/v2\/posts"}],"about":[{"href":"https:\/\/elluchador.info\/index.php?rest_route=\/wp\/v2\/types\/post"}],"author":[{"embeddable":true,"href":"https:\/\/elluchador.info\/index.php?rest_route=\/wp\/v2\/users\/38"}],"replies":[{"embeddable":true,"href":"https:\/\/elluchador.info\/index.php?rest_route=%2Fwp%2Fv2%2Fcomments&post=297444"}],"version-history":[{"count":1,"href":"https:\/\/elluchador.info\/index.php?rest_route=\/wp\/v2\/posts\/297444\/revisions"}],"predecessor-version":[{"id":297447,"href":"https:\/\/elluchador.info\/index.php?rest_route=\/wp\/v2\/posts\/297444\/revisions\/297447"}],"wp:featuredmedia":[{"embeddable":true,"href":"https:\/\/elluchador.info\/index.php?rest_route=\/wp\/v2\/media\/297446"}],"wp:attachment":[{"href":"https:\/\/elluchador.info\/index.php?rest_route=%2Fwp%2Fv2%2Fmedia&parent=297444"}],"wp:term":[{"taxonomy":"category","embeddable":true,"href":"https:\/\/elluchador.info\/index.php?rest_route=%2Fwp%2Fv2%2Fcategories&post=297444"},{"taxonomy":"post_tag","embeddable":true,"href":"https:\/\/elluchador.info\/index.php?rest_route=%2Fwp%2Fv2%2Ftags&post=297444"}],"curies":[{"name":"wp","href":"https:\/\/api.w.org\/{rel}","templated":true}]}}