{"id":297448,"date":"2025-12-11T15:30:00","date_gmt":"2025-12-11T19:30:00","guid":{"rendered":"https:\/\/elluchador.info\/?p=297448"},"modified":"2025-12-11T15:20:53","modified_gmt":"2025-12-11T19:20:53","slug":"detenidos-el-dueno-y-el-ceo-de-plus-ultra-en-una-operacion-por-presunto-blanqueo-de-capitales","status":"publish","type":"post","link":"https:\/\/elluchador.info\/?p=297448","title":{"rendered":"Detenidos el due\u00f1o y el CEO de Plus Ultra en una operaci\u00f3n por presunto blanqueo de capitales"},"content":{"rendered":"\n<p>La jornada de este jueves ha estado marcada por dos importantes operativos policiales dirigidos a investigar supuestos delitos econ\u00f3micos, uno de ellos afectando a la c\u00fapula de la aerol\u00ednea Plus Ultra y el otro a una red de contratos p\u00fablicos vinculada a la empresa Servinabar.<\/p>\n\n\n\n<p>\u200bLa Unidad de Delincuencia Econ\u00f3mica y Fiscal (UDEF) de la Polic\u00eda Nacional detuvo este jueves al fundador de Plus Ultra, Julio Mart\u00ednez, y al m\u00e1ximo responsable ejecutivo de la aerol\u00ednea, Roberto Roselli.<\/p>\n\n\n\n<p>\u200bLos arrestos se produjeron en el marco de una investigaci\u00f3n por supuesto blanqueo de capitales dirigida por el Juzgado de Instrucci\u00f3n n\u00famero 15 de Madrid, cuya causa permanece bajo secreto. El operativo incluy\u00f3 el registro de las oficinas centrales de la compa\u00f1\u00eda en Madrid.<\/p>\n\n\n\n<p>\u200bReacci\u00f3n de la Empresa: Portavoces de Plus Ultra confirmaron los traslados de ambos directivos a declarar ante el juez. La aerol\u00ednea ha remarcado que, al desconocerse los detalles de la investigaci\u00f3n, est\u00e1n colaborando plenamente con las autoridades mientras su actividad operativa contin\u00faa con normalidad. Se recomend\u00f3 al personal trabajar desde casa durante el tiempo que duraron las diligencias.<\/p>\n\n\n\n<p>\u200bLa aerol\u00ednea ya fue objeto de escrutinio en 2021, cuando recibi\u00f3 53 millones de euros del Fondo de Apoyo a la Solvencia (Sepi). Si bien las denuncias que cuestionaban este rescate fueron archivadas tras concluir la Justicia que no exist\u00edan indicios de delito en su concesi\u00f3n, el caso vuelve a situar a la compa\u00f1\u00eda en el foco medi\u00e1tico.<\/p>\n\n\n\n<p><strong>\u200bLa UCO Investiga Contratos P\u00fablicos en el Entorno de Servinabar<\/strong><br>\u200bDe forma paralela, la Unidad Central Operativa (UCO) de la Guardia Civil ejecut\u00f3 una serie de registros en empresas vinculadas a Servinabar, en una investigaci\u00f3n de la Audiencia Nacional por presuntas irregularidades en la adjudicaci\u00f3n de contratos p\u00fablicos.<\/p>\n\n\n\n<p>\u200bEsta operaci\u00f3n, que cuenta con la participaci\u00f3n de la Fiscal\u00eda Anticorrupci\u00f3n, se centr\u00f3 en la adjudicaci\u00f3n de servicios a compa\u00f1\u00edas conectadas con Servinabar, propiedad de Santos Cerd\u00e1n.<\/p>\n\n\n\n<p>\u200bDetenciones Previas: El operativo de este jueves sucede a las detenciones realizadas un d\u00eda antes, que incluyeron a la exdirigente socialista Leire D\u00edez y al expresidente de la SEPI, Vicente Fern\u00e1ndez.<\/p>\n\n\n\n<p>\u200bAlcance Geogr\u00e1fico: Las inspecciones se desarrollaron de manera simult\u00e1nea en varias ciudades, incluyendo Madrid, Sevilla y Zaragoza, marcando un amplio despliegue de la Guardia Civil.<\/p>\n\n\n\n<p>Con informaci\u00f3n de <strong>agencias<\/strong><\/p>\n\n\n\n<p><\/p>\n","protected":false},"excerpt":{"rendered":"<p>La jornada de este jueves ha estado marcada por dos importantes operativos policiales dirigidos a investigar supuestos delitos econ\u00f3micos, uno de ellos afectando a la c\u00fapula de la aerol\u00ednea Plus Ultra y el otro a una red de contratos p\u00fablicos vinculada a la empresa Servinabar. \u200bLa Unidad de Delincuencia Econ\u00f3mica y Fiscal (UDEF) de la [&hellip;]<\/p>\n","protected":false},"author":38,"featured_media":297449,"comment_status":"closed","ping_status":"closed","sticky":false,"template":"","format":"standard","meta":{"footnotes":""},"categories":[8],"tags":[448],"class_list":{"0":"post-297448","1":"post","2":"type-post","3":"status-publish","4":"format-standard","5":"has-post-thumbnail","7":"category-internacionales","8":"tag-mundo"},"_links":{"self":[{"href":"https:\/\/elluchador.info\/index.php?rest_route=\/wp\/v2\/posts\/297448","targetHints":{"allow":["GET"]}}],"collection":[{"href":"https:\/\/elluchador.info\/index.php?rest_route=\/wp\/v2\/posts"}],"about":[{"href":"https:\/\/elluchador.info\/index.php?rest_route=\/wp\/v2\/types\/post"}],"author":[{"embeddable":true,"href":"https:\/\/elluchador.info\/index.php?rest_route=\/wp\/v2\/users\/38"}],"replies":[{"embeddable":true,"href":"https:\/\/elluchador.info\/index.php?rest_route=%2Fwp%2Fv2%2Fcomments&post=297448"}],"version-history":[{"count":1,"href":"https:\/\/elluchador.info\/index.php?rest_route=\/wp\/v2\/posts\/297448\/revisions"}],"predecessor-version":[{"id":297450,"href":"https:\/\/elluchador.info\/index.php?rest_route=\/wp\/v2\/posts\/297448\/revisions\/297450"}],"wp:featuredmedia":[{"embeddable":true,"href":"https:\/\/elluchador.info\/index.php?rest_route=\/wp\/v2\/media\/297449"}],"wp:attachment":[{"href":"https:\/\/elluchador.info\/index.php?rest_route=%2Fwp%2Fv2%2Fmedia&parent=297448"}],"wp:term":[{"taxonomy":"category","embeddable":true,"href":"https:\/\/elluchador.info\/index.php?rest_route=%2Fwp%2Fv2%2Fcategories&post=297448"},{"taxonomy":"post_tag","embeddable":true,"href":"https:\/\/elluchador.info\/index.php?rest_route=%2Fwp%2Fv2%2Ftags&post=297448"}],"curies":[{"name":"wp","href":"https:\/\/api.w.org\/{rel}","templated":true}]}}