{"id":297481,"date":"2025-12-12T09:01:11","date_gmt":"2025-12-12T13:01:11","guid":{"rendered":"https:\/\/elluchador.info\/?p=297481"},"modified":"2025-12-12T14:47:21","modified_gmt":"2025-12-12T18:47:21","slug":"ee-uu-suspende-unilateralmente-la-deportacion-de-migrantes-venezolanos","status":"publish","type":"post","link":"https:\/\/elluchador.info\/?p=297481","title":{"rendered":"EE.UU. suspende \u00abunilateralmente\u00bb la deportaci\u00f3n de migrantes venezolanos"},"content":{"rendered":"\n<p>\u200eEl Gobierno de Venezuela inform\u00f3 que las autoridades de Estados Unidos decidieron suspender, de forma \u00abunilateral\u00bb, el proceso de deportaci\u00f3n de ciudadanos venezolanos que estaba programado para ejecutarse este viernes 12 de diciembre. La informaci\u00f3n fue confirmada a trav\u00e9s de un comunicado emitido por el Ministerio del Poder Popular para Relaciones Interiores, Justicia y Paz.<br>\u200e<br>\u200eEl Ejecutivo nacional recibi\u00f3 la notificaci\u00f3n de la medida este jueves, calific\u00e1ndola como una decisi\u00f3n inesperada que contradice los compromisos previamente adquiridos y el discurso oficial de deportaciones que mantiene Washington respecto al manejo de la situaci\u00f3n migratoria en su territorio.<br>\u200e<br><strong>\u200eInterrupci\u00f3n de la agenda coordinada<\/strong> <\/p>\n\n\n\n<p>Seg\u00fan el despacho de Interior y Justicia venezolano, la suspensi\u00f3n paraliza un mecanismo que se ven\u00eda desarrollando de manera coordinada entre ambas naciones.<br>\u200e<br>\u200eLas autoridades venezolanas destacaron que estos vuelos de deportaci\u00f3n representaban una soluci\u00f3n humanitaria y una v\u00eda para aliviar la situaci\u00f3n de los connacionales que se encuentran \u00abdetenidos y perseguidos\u00bb en suelo estadounidense.<br>\u200e<br>\u200eEl comunicado oficial advierte que esta acci\u00f3n genera una profunda \u00abincertidumbre\u00bb en el seno de las familias venezolanas que aguardaban el reencuentro con sus parientes el d\u00eda de hoy, frustrando la expectativa de un retorno que se perfilaba como \u00abseguro y digno\u00bb.<br>\u200e<br>\u200eCon informaci\u00f3n <strong>Sumarium<\/strong><\/p>\n","protected":false},"excerpt":{"rendered":"<p>\u200eEl Gobierno de Venezuela inform\u00f3 que las autoridades de Estados Unidos decidieron suspender, de forma \u00abunilateral\u00bb, el proceso de deportaci\u00f3n de ciudadanos venezolanos que estaba programado para ejecutarse este viernes 12 de diciembre. La informaci\u00f3n fue confirmada a trav\u00e9s de un comunicado emitido por el Ministerio del Poder Popular para Relaciones Interiores, Justicia y Paz.\u200e\u200eEl [&hellip;]<\/p>\n","protected":false},"author":33,"featured_media":297482,"comment_status":"closed","ping_status":"closed","sticky":false,"template":"","format":"standard","meta":{"footnotes":""},"categories":[5,8],"tags":[],"class_list":{"0":"post-297481","1":"post","2":"type-post","3":"status-publish","4":"format-standard","5":"has-post-thumbnail","7":"category-destacado","8":"category-internacionales"},"_links":{"self":[{"href":"https:\/\/elluchador.info\/index.php?rest_route=\/wp\/v2\/posts\/297481","targetHints":{"allow":["GET"]}}],"collection":[{"href":"https:\/\/elluchador.info\/index.php?rest_route=\/wp\/v2\/posts"}],"about":[{"href":"https:\/\/elluchador.info\/index.php?rest_route=\/wp\/v2\/types\/post"}],"author":[{"embeddable":true,"href":"https:\/\/elluchador.info\/index.php?rest_route=\/wp\/v2\/users\/33"}],"replies":[{"embeddable":true,"href":"https:\/\/elluchador.info\/index.php?rest_route=%2Fwp%2Fv2%2Fcomments&post=297481"}],"version-history":[{"count":1,"href":"https:\/\/elluchador.info\/index.php?rest_route=\/wp\/v2\/posts\/297481\/revisions"}],"predecessor-version":[{"id":297483,"href":"https:\/\/elluchador.info\/index.php?rest_route=\/wp\/v2\/posts\/297481\/revisions\/297483"}],"wp:featuredmedia":[{"embeddable":true,"href":"https:\/\/elluchador.info\/index.php?rest_route=\/wp\/v2\/media\/297482"}],"wp:attachment":[{"href":"https:\/\/elluchador.info\/index.php?rest_route=%2Fwp%2Fv2%2Fmedia&parent=297481"}],"wp:term":[{"taxonomy":"category","embeddable":true,"href":"https:\/\/elluchador.info\/index.php?rest_route=%2Fwp%2Fv2%2Fcategories&post=297481"},{"taxonomy":"post_tag","embeddable":true,"href":"https:\/\/elluchador.info\/index.php?rest_route=%2Fwp%2Fv2%2Ftags&post=297481"}],"curies":[{"name":"wp","href":"https:\/\/api.w.org\/{rel}","templated":true}]}}