{"id":297490,"date":"2025-12-12T13:35:45","date_gmt":"2025-12-12T17:35:45","guid":{"rendered":"https:\/\/elluchador.info\/?p=297490"},"modified":"2025-12-12T13:35:50","modified_gmt":"2025-12-12T17:35:50","slug":"shakira-canta-por-primera-vez-acrostico-junto-a-sus-hijos","status":"publish","type":"post","link":"https:\/\/elluchador.info\/?p=297490","title":{"rendered":"Shakira canta por primera vez Acr\u00f3stico junto a sus hijos"},"content":{"rendered":"\n<p>La cantante colombiana, Shakira, sorprendi\u00f3 a sus fans en su m\u00e1s reciente concierto en la ciudad de Buenos Aire, al cantar junto a sus dos hijos Milan y Sasha la canci\u00f3n Acr\u00f3stico, en el Estadio V\u00e9lez Sarsfield de Argentina.<\/p>\n\n\n\n<p>M\u00e1s de 50 mil espectadores fueron testigo de un debut familiar, cuando la cantautora en compa\u00f1\u00eda de sus peque\u00f1os de 10 y 12 a\u00f1os interpreto por primera vez en vivo Acr\u00f3stico, canci\u00f3n que ella le dedic\u00f3 a ambos, luego de su separaci\u00f3n con Gerard Piqu\u00e9.<\/p>\n\n\n\n<p>\u00abAmbos han compartido a mi lado en el estudio y al escuchar esta canci\u00f3n dedicada a ellos me han pedido hacer parte. Lo han sentido e interpretado por ellos mismos y para ellos mismos, con la pasi\u00f3n y el sentimiento del que lleva la m\u00fasica dentro\u00bb, cont\u00f3 en redes al publicar la canci\u00f3n, en la que sus dos hijos participan activamente.<\/p>\n\n\n\n<p>La barranquillera, en la gira Las Mujeres Ya No Lloran World Tour, interpreta esta canci\u00f3n con un vestido muy simb\u00f3lico. \u00abLo cre\u00f3 Gaurav Gupta, un dise\u00f1ador incre\u00edble en una placa met\u00e1lica que simboliza al protector, la madre loba\u00bb, cont\u00f3 la cantante en un v\u00eddeo compartido por Sony Music Colombia.<\/p>\n\n\n\n<p>\u00abLa tela con las olas simboliza el Atl\u00e1ntico, que separa los continentes donde nacieron mis hijos, Europa, y Sudam\u00e9rica, donde yo nac\u00ed\u00bb, explic\u00f3. \u00abEl vestido es azul claro porque era su color favorito. Por eso, todo lo que uso en el escenario, hasta las luces de las pulseras, es del mismo tono de azul beb\u00e9\u00bb, se\u00f1al\u00f3 la int\u00e9rprete.<\/p>\n\n\n\n<p>Con informaci\u00f3n <strong>AP<\/strong><\/p>\n","protected":false},"excerpt":{"rendered":"<p>La cantante colombiana, Shakira, sorprendi\u00f3 a sus fans en su m\u00e1s reciente concierto en la ciudad de Buenos Aire, al cantar junto a sus dos hijos Milan y Sasha la canci\u00f3n Acr\u00f3stico, en el Estadio V\u00e9lez Sarsfield de Argentina. M\u00e1s de 50 mil espectadores fueron testigo de un debut familiar, cuando la cantautora en compa\u00f1\u00eda [&hellip;]<\/p>\n","protected":false},"author":33,"featured_media":297491,"comment_status":"closed","ping_status":"closed","sticky":false,"template":"","format":"standard","meta":{"footnotes":""},"categories":[7],"tags":[5082,4805,2043],"class_list":{"0":"post-297490","1":"post","2":"type-post","3":"status-publish","4":"format-standard","5":"has-post-thumbnail","7":"category-entretenimiento","8":"tag-cantantes","9":"tag-hijos","10":"tag-shakira"},"_links":{"self":[{"href":"https:\/\/elluchador.info\/index.php?rest_route=\/wp\/v2\/posts\/297490","targetHints":{"allow":["GET"]}}],"collection":[{"href":"https:\/\/elluchador.info\/index.php?rest_route=\/wp\/v2\/posts"}],"about":[{"href":"https:\/\/elluchador.info\/index.php?rest_route=\/wp\/v2\/types\/post"}],"author":[{"embeddable":true,"href":"https:\/\/elluchador.info\/index.php?rest_route=\/wp\/v2\/users\/33"}],"replies":[{"embeddable":true,"href":"https:\/\/elluchador.info\/index.php?rest_route=%2Fwp%2Fv2%2Fcomments&post=297490"}],"version-history":[{"count":1,"href":"https:\/\/elluchador.info\/index.php?rest_route=\/wp\/v2\/posts\/297490\/revisions"}],"predecessor-version":[{"id":297492,"href":"https:\/\/elluchador.info\/index.php?rest_route=\/wp\/v2\/posts\/297490\/revisions\/297492"}],"wp:featuredmedia":[{"embeddable":true,"href":"https:\/\/elluchador.info\/index.php?rest_route=\/wp\/v2\/media\/297491"}],"wp:attachment":[{"href":"https:\/\/elluchador.info\/index.php?rest_route=%2Fwp%2Fv2%2Fmedia&parent=297490"}],"wp:term":[{"taxonomy":"category","embeddable":true,"href":"https:\/\/elluchador.info\/index.php?rest_route=%2Fwp%2Fv2%2Fcategories&post=297490"},{"taxonomy":"post_tag","embeddable":true,"href":"https:\/\/elluchador.info\/index.php?rest_route=%2Fwp%2Fv2%2Ftags&post=297490"}],"curies":[{"name":"wp","href":"https:\/\/api.w.org\/{rel}","templated":true}]}}