{"id":297524,"date":"2025-12-12T15:37:00","date_gmt":"2025-12-12T19:37:00","guid":{"rendered":"https:\/\/elluchador.info\/?p=297524"},"modified":"2025-12-12T15:08:45","modified_gmt":"2025-12-12T19:08:45","slug":"time-nombra-a-los-arquitectos-de-la-ia-como-persona-del-ano-2025","status":"publish","type":"post","link":"https:\/\/elluchador.info\/?p=297524","title":{"rendered":"Time nombra a los Arquitectos de la IA como Persona del A\u00f1o 2025"},"content":{"rendered":"\n<p>La revista Time ha anunciado su elecci\u00f3n para la Persona del A\u00f1o 2025, otorgando el prestigioso reconocimiento a los Arquitectos de la Inteligencia Artificial (IA). Esta designaci\u00f3n in\u00e9dita destaca a un grupo de l\u00edderes tecnol\u00f3gicos cuya labor ha marcado un hito en la evoluci\u00f3n de la IA, transformando radicalmente la sociedad y la tecnolog\u00eda.<\/p>\n\n\n\n<p>\u200bLa publicaci\u00f3n destac\u00f3 que 2025 fue un a\u00f1o clave, un punto de inflexi\u00f3n donde el potencial de la inteligencia artificial se despleg\u00f3 plenamente, dejando claro que \u00abno habr\u00eda retorno atr\u00e1s\u00bb. Time honra a este colectivo de visionarios \u00abpor inaugurar la era de las m\u00e1quinas pensantes, por asombrar y preocupar a la humanidad, y por transformar los l\u00edmites de lo posible\u00bb.<\/p>\n\n\n\n<p>\u200b<strong>La c\u00faspide del nuevo horizonte tecnol\u00f3gico<\/strong><br>\u200bEntre los seleccionados figuran los nombres m\u00e1s influyentes del sector, reconociendo la naturaleza multipolar y estructural de la revoluci\u00f3n de la IA. La lista incluye a:<br>\u200bMark Zuckerberg (Meta)<br>\u200bElon Musk (Tesla, SpaceX, xAI)<br>\u200bJensen Huang (Nvidia)<br>\u200bSam Altman (OpenAI)<br>\u200bLisa Su (AMD)<br>\u200bSatya Nadella (Microsoft)<br>\u200bDemis Hassabis (Google DeepMind)<br>\u200bDario Amodei (Anthropic)<br>\u200bFei-Fei Li (Universidad de Stanford)<\/p>\n\n\n\n<p><strong>\u200bUna portada cargada de simbolismo<\/strong><br>\u200bLa revista acompa\u00f1a su elecci\u00f3n con una potente imagen de portada. Los directivos aparecen sobre una viga de acero suspendida a gran altura sobre Nueva York, una clara alusi\u00f3n a la ic\u00f3nica fotograf\u00eda de 1932, Lunch atop a Skyscraper.<\/p>\n\n\n\n<p>\u200bEsta representaci\u00f3n visual simboliza que estos \u00abarquitectos\u00bb est\u00e1n construyendo no solo un rascacielos tecnol\u00f3gico, sino el futuro mismo de la humanidad, combinando una mezcla de riesgo y asombro ante lo que est\u00e1 por venir.<\/p>\n\n\n\n<p>\u200bCon esta decisi\u00f3n, Time enfatiza que la revoluci\u00f3n de la IA no puede ser representada por un solo individuo o corporaci\u00f3n. Los Arquitectos de la IA suceden en la lista a figuras de diversos \u00e1mbitos como Donald Trump, Taylor Swift y Volod\u00edmir Zelensky, reafirmando la misi\u00f3n de la revista de reconocer a quienes m\u00e1s han influido en los acontecimientos del a\u00f1o.<\/p>\n\n\n\n<p>\u200bCon informaci\u00f3n de <strong>agencias<\/strong><\/p>\n\n\n\n<p><\/p>\n","protected":false},"excerpt":{"rendered":"<p>La revista Time ha anunciado su elecci\u00f3n para la Persona del A\u00f1o 2025, otorgando el prestigioso reconocimiento a los Arquitectos de la Inteligencia Artificial (IA). Esta designaci\u00f3n in\u00e9dita destaca a un grupo de l\u00edderes tecnol\u00f3gicos cuya labor ha marcado un hito en la evoluci\u00f3n de la IA, transformando radicalmente la sociedad y la tecnolog\u00eda. \u200bLa [&hellip;]<\/p>\n","protected":false},"author":38,"featured_media":297525,"comment_status":"closed","ping_status":"closed","sticky":false,"template":"","format":"standard","meta":{"footnotes":""},"categories":[7],"tags":[448],"class_list":{"0":"post-297524","1":"post","2":"type-post","3":"status-publish","4":"format-standard","5":"has-post-thumbnail","7":"category-entretenimiento","8":"tag-mundo"},"_links":{"self":[{"href":"https:\/\/elluchador.info\/index.php?rest_route=\/wp\/v2\/posts\/297524","targetHints":{"allow":["GET"]}}],"collection":[{"href":"https:\/\/elluchador.info\/index.php?rest_route=\/wp\/v2\/posts"}],"about":[{"href":"https:\/\/elluchador.info\/index.php?rest_route=\/wp\/v2\/types\/post"}],"author":[{"embeddable":true,"href":"https:\/\/elluchador.info\/index.php?rest_route=\/wp\/v2\/users\/38"}],"replies":[{"embeddable":true,"href":"https:\/\/elluchador.info\/index.php?rest_route=%2Fwp%2Fv2%2Fcomments&post=297524"}],"version-history":[{"count":1,"href":"https:\/\/elluchador.info\/index.php?rest_route=\/wp\/v2\/posts\/297524\/revisions"}],"predecessor-version":[{"id":297526,"href":"https:\/\/elluchador.info\/index.php?rest_route=\/wp\/v2\/posts\/297524\/revisions\/297526"}],"wp:featuredmedia":[{"embeddable":true,"href":"https:\/\/elluchador.info\/index.php?rest_route=\/wp\/v2\/media\/297525"}],"wp:attachment":[{"href":"https:\/\/elluchador.info\/index.php?rest_route=%2Fwp%2Fv2%2Fmedia&parent=297524"}],"wp:term":[{"taxonomy":"category","embeddable":true,"href":"https:\/\/elluchador.info\/index.php?rest_route=%2Fwp%2Fv2%2Fcategories&post=297524"},{"taxonomy":"post_tag","embeddable":true,"href":"https:\/\/elluchador.info\/index.php?rest_route=%2Fwp%2Fv2%2Ftags&post=297524"}],"curies":[{"name":"wp","href":"https:\/\/api.w.org\/{rel}","templated":true}]}}