{"id":297552,"date":"2025-12-12T19:00:00","date_gmt":"2025-12-12T23:00:00","guid":{"rendered":"https:\/\/elluchador.info\/?p=297552"},"modified":"2025-12-12T18:58:47","modified_gmt":"2025-12-12T22:58:47","slug":"dictan-cinco-meses-de-prision-preventiva-para-luis-arce","status":"publish","type":"post","link":"https:\/\/elluchador.info\/?p=297552","title":{"rendered":"Dictan cinco meses de prisi\u00f3n preventiva para Luis Arce"},"content":{"rendered":"\n<p>El juez anticorrupci\u00f3n Elmer Laura orden\u00f3 este viernes cinco meses de prisi\u00f3n preventiva contra el exministro de Econom\u00eda y Finanzas, Luis Arce, en el marco de la investigaci\u00f3n por el presunto desfalco millonario al Fondo de Desarrollo para los Pueblos Ind\u00edgenas Originarios y Comunidades Campesinas (Fondioc).<\/p>\n\n\n\n<p>\u200bLa medida cautelar se deber\u00e1 cumplir en el penal de San Pedro en la ciudad de La Paz. Arce, quien ocup\u00f3 la cartera de Econom\u00eda y Finanzas y ten\u00eda control sobre el Fondioc, fue detenido el pasado mi\u00e9rcoles 10 de diciembre como parte de las pesquisas.<\/p>\n\n\n\n<p><strong>\u200bDetalles de la audiencia<\/strong><br>\u200bDurante la audiencia de medidas cautelares celebrada hoy, la Fiscal\u00eda General del Estado acus\u00f3 al exfuncionario de los presuntos delitos de incumplimiento de deberes y conducta antiecon\u00f3mica.<\/p>\n\n\n\n<p><strong>\u200bArgumento de la defensa<\/strong><br>Luis Arce se declar\u00f3 inocente y asegur\u00f3 que las acciones en su contra tienen motivaciones pol\u00edticas y buscan \u00abchivos expiatorios\u00bb. Su defensa argument\u00f3 que el exministro cuenta con vivienda conocida y un trabajo estable en Bolivia, lo que deber\u00eda evitar la prisi\u00f3n preventiva.<\/p>\n\n\n\n<p>\u200bPese a los argumentos de la defensa, la parte acusadora asever\u00f3 ante el juez la existencia de peligro de fuga y obstaculizaci\u00f3n de la investigaci\u00f3n. El juez Laura acogi\u00f3 estos argumentos y determin\u00f3 la reclusi\u00f3n preventiva del exministro.<\/p>\n\n\n\n<p>\u200bMedios locales reportaron que la investigaci\u00f3n se centra en un supuesto desfalco millonario que habr\u00eda ocurrido durante el periodo en que Arce era responsable del control del Fondioc.<br>\u200b<br>Con informaci\u00f3n de <strong>agencias<\/strong><\/p>\n\n\n\n<p><\/p>\n","protected":false},"excerpt":{"rendered":"<p>El juez anticorrupci\u00f3n Elmer Laura orden\u00f3 este viernes cinco meses de prisi\u00f3n preventiva contra el exministro de Econom\u00eda y Finanzas, Luis Arce, en el marco de la investigaci\u00f3n por el presunto desfalco millonario al Fondo de Desarrollo para los Pueblos Ind\u00edgenas Originarios y Comunidades Campesinas (Fondioc). \u200bLa medida cautelar se deber\u00e1 cumplir en el penal [&hellip;]<\/p>\n","protected":false},"author":38,"featured_media":297553,"comment_status":"closed","ping_status":"closed","sticky":false,"template":"","format":"standard","meta":{"footnotes":""},"categories":[8],"tags":[448],"class_list":{"0":"post-297552","1":"post","2":"type-post","3":"status-publish","4":"format-standard","5":"has-post-thumbnail","7":"category-internacionales","8":"tag-mundo"},"_links":{"self":[{"href":"https:\/\/elluchador.info\/index.php?rest_route=\/wp\/v2\/posts\/297552","targetHints":{"allow":["GET"]}}],"collection":[{"href":"https:\/\/elluchador.info\/index.php?rest_route=\/wp\/v2\/posts"}],"about":[{"href":"https:\/\/elluchador.info\/index.php?rest_route=\/wp\/v2\/types\/post"}],"author":[{"embeddable":true,"href":"https:\/\/elluchador.info\/index.php?rest_route=\/wp\/v2\/users\/38"}],"replies":[{"embeddable":true,"href":"https:\/\/elluchador.info\/index.php?rest_route=%2Fwp%2Fv2%2Fcomments&post=297552"}],"version-history":[{"count":1,"href":"https:\/\/elluchador.info\/index.php?rest_route=\/wp\/v2\/posts\/297552\/revisions"}],"predecessor-version":[{"id":297554,"href":"https:\/\/elluchador.info\/index.php?rest_route=\/wp\/v2\/posts\/297552\/revisions\/297554"}],"wp:featuredmedia":[{"embeddable":true,"href":"https:\/\/elluchador.info\/index.php?rest_route=\/wp\/v2\/media\/297553"}],"wp:attachment":[{"href":"https:\/\/elluchador.info\/index.php?rest_route=%2Fwp%2Fv2%2Fmedia&parent=297552"}],"wp:term":[{"taxonomy":"category","embeddable":true,"href":"https:\/\/elluchador.info\/index.php?rest_route=%2Fwp%2Fv2%2Fcategories&post=297552"},{"taxonomy":"post_tag","embeddable":true,"href":"https:\/\/elluchador.info\/index.php?rest_route=%2Fwp%2Fv2%2Ftags&post=297552"}],"curies":[{"name":"wp","href":"https:\/\/api.w.org\/{rel}","templated":true}]}}