{"id":297561,"date":"2025-12-13T09:24:17","date_gmt":"2025-12-13T13:24:17","guid":{"rendered":"https:\/\/elluchador.info\/?p=297561"},"modified":"2025-12-13T09:24:49","modified_gmt":"2025-12-13T13:24:49","slug":"gobernadora-sostuvo-reunion-con-empresarios-de-bolivar-para-avanzar-en-la-recoleccion-de-desechos-solidos","status":"publish","type":"post","link":"https:\/\/elluchador.info\/?p=297561","title":{"rendered":"Gobernadora sostuvo reuni\u00f3n con empresarios de Bol\u00edvar para avanzar en la recolecci\u00f3n de desechos s\u00f3lidos"},"content":{"rendered":"\n<p>Tras los recientes anuncios de la rescisi\u00f3n del servicio de la empresa privada Fospuca, la gobernadora Yulisbeth Garc\u00eda, acompa\u00f1ada por el alcalde del municipio Caron\u00ed, Yanny Alonzo; del municipio Angostura del Orinoco, Sergio Hern\u00e1ndez, y de la alcaldesa del municipio Piar, Ornella Arbel\u00e1ez, realiz\u00f3 un encuentro con el sector empresarial del estado Bol\u00edvar para plantear los pasos a seguir en esta nueva etapa de transformaci\u00f3n y transici\u00f3n.<\/p>\n\n\n\n<p>Garc\u00eda asegur\u00f3 que existe un Gobierno responsable que dirige el presidente Nicol\u00e1s Maduro. Expres\u00f3 que su compromiso est\u00e1 con el pueblo bolivarense y con el desarrollo de la econom\u00eda. \u201cEs con los hombres de bien, con los hombres que trabajan, con los padres de familia que creen en Venezuela, que creen en el tricolor, es con ustedes que vamos a sacar este pa\u00eds adelante y a este estado\u201d, dijo.<\/p>\n\n\n\n<figure class=\"wp-block-gallery has-nested-images columns-default is-cropped wp-block-gallery-1 is-layout-flex wp-block-gallery-is-layout-flex\">\n<figure class=\"wp-block-image size-large\"><img loading=\"lazy\" decoding=\"async\" width=\"1024\" height=\"683\" data-id=\"297562\" src=\"https:\/\/elluchador.info\/wp-content\/uploads\/2025\/12\/1-Encuentro-empresarios-12D-1024x683.jpg\" alt=\"\" class=\"wp-image-297562\" srcset=\"https:\/\/elluchador.info\/wp-content\/uploads\/2025\/12\/1-Encuentro-empresarios-12D-1024x683.jpg 1024w, https:\/\/elluchador.info\/wp-content\/uploads\/2025\/12\/1-Encuentro-empresarios-12D-300x200.jpg 300w, https:\/\/elluchador.info\/wp-content\/uploads\/2025\/12\/1-Encuentro-empresarios-12D-768x512.jpg 768w, https:\/\/elluchador.info\/wp-content\/uploads\/2025\/12\/1-Encuentro-empresarios-12D-150x100.jpg 150w, https:\/\/elluchador.info\/wp-content\/uploads\/2025\/12\/1-Encuentro-empresarios-12D-696x464.jpg 696w, https:\/\/elluchador.info\/wp-content\/uploads\/2025\/12\/1-Encuentro-empresarios-12D-1068x712.jpg 1068w, https:\/\/elluchador.info\/wp-content\/uploads\/2025\/12\/1-Encuentro-empresarios-12D.jpg 1080w\" sizes=\"auto, (max-width: 1024px) 100vw, 1024px\" \/><figcaption class=\"wp-element-caption\">Garc\u00eda expres\u00f3 su reconocimiento al sector p\u00fablico y privado<\/figcaption><\/figure>\n\n\n\n<figure class=\"wp-block-image size-large\"><img loading=\"lazy\" decoding=\"async\" width=\"1024\" height=\"683\" data-id=\"297563\" src=\"https:\/\/elluchador.info\/wp-content\/uploads\/2025\/12\/3-Encuentro-empresarios-12D-1024x683.jpg\" alt=\"\" class=\"wp-image-297563\" srcset=\"https:\/\/elluchador.info\/wp-content\/uploads\/2025\/12\/3-Encuentro-empresarios-12D-1024x683.jpg 1024w, https:\/\/elluchador.info\/wp-content\/uploads\/2025\/12\/3-Encuentro-empresarios-12D-300x200.jpg 300w, https:\/\/elluchador.info\/wp-content\/uploads\/2025\/12\/3-Encuentro-empresarios-12D-768x512.jpg 768w, https:\/\/elluchador.info\/wp-content\/uploads\/2025\/12\/3-Encuentro-empresarios-12D-150x100.jpg 150w, https:\/\/elluchador.info\/wp-content\/uploads\/2025\/12\/3-Encuentro-empresarios-12D-696x464.jpg 696w, https:\/\/elluchador.info\/wp-content\/uploads\/2025\/12\/3-Encuentro-empresarios-12D-1068x712.jpg 1068w, https:\/\/elluchador.info\/wp-content\/uploads\/2025\/12\/3-Encuentro-empresarios-12D.jpg 1080w\" sizes=\"auto, (max-width: 1024px) 100vw, 1024px\" \/><figcaption class=\"wp-element-caption\">Con SupraGuayana y EcoBol\u00edvar transformar\u00e1n el servicio<\/figcaption><\/figure>\n<\/figure>\n\n\n\n<p>La l\u00edder regional asegur\u00f3 que con las empresas SupraGuayana y EcoBol\u00edvar se garantizar\u00e1 un servicio de calidad. Reiter\u00f3 su reconocimiento a las empresas p\u00fablicas y privadas para<br>seguir impulsando el desarrollo econ\u00f3mico de Bol\u00edvar.<\/p>\n\n\n\n<p><strong>Responsabilidad social<\/strong><\/p>\n\n\n\n<p>La m\u00e1xima autoridad regional inform\u00f3 que est\u00e1n evaluando las nuevas tarifas en conjunto con los empresarios, para llegar a un monto que se ajuste a las necesidades del pueblo. Adem\u00e1s, destac\u00f3 el papel fundamental que tienen los empresarios para el correcto funcionamiento de la nueva etapa que est\u00e1 por venir, en materia de recolecci\u00f3n de desechos s\u00f3lidos en el estado Bol\u00edvar. <\/p>\n\n\n\n<p>\u201cHay contribuyentes muy responsables, pero hay otros que no les gusta nada con el pago de sus impuestos, eso es una ley como toda actividad econ\u00f3mica que usted decidi\u00f3 desarrollar\u201d, asever\u00f3 Garc\u00eda. De igual forma, hizo hincapi\u00e9 en que esta decisi\u00f3n est\u00e1 enmarcada en un proyecto socialista que beneficie a la sociedad en general, sin embargo, destac\u00f3 que el compromiso con los pagos debe ser el mismo.<\/p>\n\n\n\n<p><strong>\u201cNo quiero dinero\u201d<\/strong><\/p>\n\n\n\n<p>Garc\u00eda hizo un llamado a la conciencia, tanto a empresarios como al ciudadano de a pie, para continuar manteniendo limpio los espacios de la ciudad. \u201cNo quiero dinero, quiero conciencia, si anteriormente sacabas la basura 3 veces, te pido que la saques a las 6:00 de la tarde, porque la ley establece que usted debe tener un espacio para la disposici\u00f3n temporal, hasta que pase el veh\u00edculo de recolecci\u00f3n de los desechos\u201d, coment\u00f3 la gobernadora Garc\u00eda.<\/p>\n\n\n<div class=\"wp-block-image\">\n<figure class=\"aligncenter size-large is-resized\"><img loading=\"lazy\" decoding=\"async\" width=\"1024\" height=\"683\" src=\"https:\/\/elluchador.info\/wp-content\/uploads\/2025\/12\/4-Encuentro-con-empresarios-12D-1024x683.jpg\" alt=\"\" class=\"wp-image-297564\" style=\"aspect-ratio:1.4992931672837428;width:684px;height:auto\" srcset=\"https:\/\/elluchador.info\/wp-content\/uploads\/2025\/12\/4-Encuentro-con-empresarios-12D-1024x683.jpg 1024w, https:\/\/elluchador.info\/wp-content\/uploads\/2025\/12\/4-Encuentro-con-empresarios-12D-300x200.jpg 300w, https:\/\/elluchador.info\/wp-content\/uploads\/2025\/12\/4-Encuentro-con-empresarios-12D-768x512.jpg 768w, https:\/\/elluchador.info\/wp-content\/uploads\/2025\/12\/4-Encuentro-con-empresarios-12D-150x100.jpg 150w, https:\/\/elluchador.info\/wp-content\/uploads\/2025\/12\/4-Encuentro-con-empresarios-12D-696x464.jpg 696w, https:\/\/elluchador.info\/wp-content\/uploads\/2025\/12\/4-Encuentro-con-empresarios-12D-1068x712.jpg 1068w, https:\/\/elluchador.info\/wp-content\/uploads\/2025\/12\/4-Encuentro-con-empresarios-12D.jpg 1080w\" sizes=\"auto, (max-width: 1024px) 100vw, 1024px\" \/><figcaption class=\"wp-element-caption\">Empresarios est\u00e1n dispuestos a trabajar<\/figcaption><\/figure>\n<\/div>\n\n\n<p class=\"has-text-align-left\">Pidi\u00f3 confianza en este nuevo comienzo que surge de haber o\u00eddo las necesidades de los ciudadanos, y fue previamente conversado con el alcalde del municipio Caron\u00ed, Yanny Alonzo. \u201cEl pueblo vot\u00f3 por nosotros y por eso estamos aqu\u00ed, y las luchas que tengamos que dar para que sea el pueblo el ganador, siempre las vamos a dar\u201d, asegur\u00f3. <\/p>\n\n\n\n<p class=\"has-text-align-center\"><strong>Brazos abiertos para los trabajadores de Fospuca<\/strong><\/p>\n\n\n\n<p class=\"has-text-align-left\">La gobernadora Yulisbeth Garc\u00eda extendi\u00f3 su mano a los trabajadores de Fospuca para que se incorporen a este nuevo plan. Dijo que suman 150 de estos trabajadores que ya est\u00e1n en la calle, unidos a los m\u00e1s de 890 de SupraGuayana que siguen desplegados en las 42 avenidas del municipio Caron\u00ed.<\/p>\n\n\n\n<p><strong>Prensa Gobernaci\u00f3n de Bol\u00edvar<\/strong><\/p>\n","protected":false},"excerpt":{"rendered":"<p>Tras los recientes anuncios de la rescisi\u00f3n del servicio de la empresa privada Fospuca, la gobernadora Yulisbeth Garc\u00eda, acompa\u00f1ada por el alcalde del municipio Caron\u00ed, Yanny Alonzo; del municipio Angostura del Orinoco, Sergio Hern\u00e1ndez, y de la alcaldesa del municipio Piar, Ornella Arbel\u00e1ez, realiz\u00f3 un encuentro con el sector empresarial del estado Bol\u00edvar para plantear [&hellip;]<\/p>\n","protected":false},"author":33,"featured_media":297565,"comment_status":"closed","ping_status":"closed","sticky":false,"template":"","format":"standard","meta":{"footnotes":""},"categories":[5,12],"tags":[185,379,4610,3408],"class_list":{"0":"post-297561","1":"post","2":"type-post","3":"status-publish","4":"format-standard","5":"has-post-thumbnail","7":"category-destacado","8":"category-regionales","9":"tag-bolivar","10":"tag-caroni","11":"tag-fospuca","12":"tag-yulisbeth-garcia"},"_links":{"self":[{"href":"https:\/\/elluchador.info\/index.php?rest_route=\/wp\/v2\/posts\/297561","targetHints":{"allow":["GET"]}}],"collection":[{"href":"https:\/\/elluchador.info\/index.php?rest_route=\/wp\/v2\/posts"}],"about":[{"href":"https:\/\/elluchador.info\/index.php?rest_route=\/wp\/v2\/types\/post"}],"author":[{"embeddable":true,"href":"https:\/\/elluchador.info\/index.php?rest_route=\/wp\/v2\/users\/33"}],"replies":[{"embeddable":true,"href":"https:\/\/elluchador.info\/index.php?rest_route=%2Fwp%2Fv2%2Fcomments&post=297561"}],"version-history":[{"count":1,"href":"https:\/\/elluchador.info\/index.php?rest_route=\/wp\/v2\/posts\/297561\/revisions"}],"predecessor-version":[{"id":297566,"href":"https:\/\/elluchador.info\/index.php?rest_route=\/wp\/v2\/posts\/297561\/revisions\/297566"}],"wp:featuredmedia":[{"embeddable":true,"href":"https:\/\/elluchador.info\/index.php?rest_route=\/wp\/v2\/media\/297565"}],"wp:attachment":[{"href":"https:\/\/elluchador.info\/index.php?rest_route=%2Fwp%2Fv2%2Fmedia&parent=297561"}],"wp:term":[{"taxonomy":"category","embeddable":true,"href":"https:\/\/elluchador.info\/index.php?rest_route=%2Fwp%2Fv2%2Fcategories&post=297561"},{"taxonomy":"post_tag","embeddable":true,"href":"https:\/\/elluchador.info\/index.php?rest_route=%2Fwp%2Fv2%2Ftags&post=297561"}],"curies":[{"name":"wp","href":"https:\/\/api.w.org\/{rel}","templated":true}]}}