{"id":297567,"date":"2025-12-13T09:39:01","date_gmt":"2025-12-13T13:39:01","guid":{"rendered":"https:\/\/elluchador.info\/?p=297567"},"modified":"2025-12-13T09:39:04","modified_gmt":"2025-12-13T13:39:04","slug":"fondo-bolivar-realizo-jornada-de-bancarizacion-para-emprendedores-de-angostura-del-orinoco","status":"publish","type":"post","link":"https:\/\/elluchador.info\/?p=297567","title":{"rendered":"Fondo Bol\u00edvar realiz\u00f3 jornada de bancarizaci\u00f3n para emprendedores de Angostura del Orinoco"},"content":{"rendered":"\n<p>La gesti\u00f3n Por Amor a Bol\u00edvar de la gobernadora Yulisbeth Garc\u00eda contin\u00faa impulsando la econom\u00eda y el desarrollo de los emprendedores de la regi\u00f3n. Con el objetivo de ampliar las herramientas financieras y facilitar el crecimiento de los peque\u00f1os negocios locales, se llev\u00f3 a cabo una jornada de bancarizaci\u00f3n para emprendedores.<\/p>\n\n\n\n<p>Esta iniciativa promueve la inclusi\u00f3n financiera, brinda acceso a servicios bancarios y herramientas de cr\u00e9ditos, lo que permitir\u00e1 a los emprendedores gestionar mejor sus ingresos, pagos y ahorro.<\/p>\n\n\n<div class=\"wp-block-image\">\n<figure class=\"aligncenter size-large is-resized\"><img loading=\"lazy\" decoding=\"async\" width=\"1024\" height=\"768\" src=\"https:\/\/elluchador.info\/wp-content\/uploads\/2025\/12\/4-Fondo-Bolivar-12D-1024x768.jpeg\" alt=\"\" class=\"wp-image-297568\" style=\"width:682px;height:auto\" srcset=\"https:\/\/elluchador.info\/wp-content\/uploads\/2025\/12\/4-Fondo-Bolivar-12D-1024x768.jpeg 1024w, https:\/\/elluchador.info\/wp-content\/uploads\/2025\/12\/4-Fondo-Bolivar-12D-300x225.jpeg 300w, https:\/\/elluchador.info\/wp-content\/uploads\/2025\/12\/4-Fondo-Bolivar-12D-768x576.jpeg 768w, https:\/\/elluchador.info\/wp-content\/uploads\/2025\/12\/4-Fondo-Bolivar-12D-150x113.jpeg 150w, https:\/\/elluchador.info\/wp-content\/uploads\/2025\/12\/4-Fondo-Bolivar-12D-696x522.jpeg 696w, https:\/\/elluchador.info\/wp-content\/uploads\/2025\/12\/4-Fondo-Bolivar-12D.jpeg 1040w\" sizes=\"auto, (max-width: 1024px) 100vw, 1024px\" \/><figcaption class=\"wp-element-caption\">Con apoyo del Banco Digital de los Trabajadores<\/figcaption><\/figure>\n<\/div>\n\n\n<p>Esta actividad impulsa una econom\u00eda m\u00e1s din\u00e1mica, con mayor alcance de mercados y una mayor estabilidad para quienes apuestan por la econom\u00eda social y el emprendimiento sostenible.<\/p>\n\n\n\n<p><strong>Apertura de cuentas<\/strong><\/p>\n\n\n\n<p>Durante la jornada se aperturaron cuentas para los hijos e hijas de los emprendedores menores de edad, a fin de fomentar una cultura de ahorro desde la etapa temprana. Este componente busca educar y habituar a las nuevas generaciones en pr\u00e1cticas financieras responsables, facilitar la participaci\u00f3n de las familias en la gesti\u00f3n econ\u00f3mica de sus negocios y crear h\u00e1bitos de ahorro que contribuyan a la sostenibilidad de los emprendimientos a largo plazo, fortaleciendo la resiliencia econ\u00f3mica de las familias emprendedoras.<\/p>\n\n\n\n<p>La jornada de bancarizaci\u00f3n se alinea con la transformaci\u00f3n econ\u00f3mica contemplada en el Plan de las 7 Transformaciones de Venezuela, presentadas por el presidente Nicol\u00e1s Maduro.<\/p>\n\n\n\n<p><strong>Prensa Gobernaci\u00f3n de Bol\u00edvar<\/strong><\/p>\n","protected":false},"excerpt":{"rendered":"<p>La gesti\u00f3n Por Amor a Bol\u00edvar de la gobernadora Yulisbeth Garc\u00eda contin\u00faa impulsando la econom\u00eda y el desarrollo de los emprendedores de la regi\u00f3n. Con el objetivo de ampliar las herramientas financieras y facilitar el crecimiento de los peque\u00f1os negocios locales, se llev\u00f3 a cabo una jornada de bancarizaci\u00f3n para emprendedores. Esta iniciativa promueve la [&hellip;]<\/p>\n","protected":false},"author":33,"featured_media":297569,"comment_status":"closed","ping_status":"closed","sticky":false,"template":"","format":"standard","meta":{"footnotes":""},"categories":[20],"tags":[185,306],"class_list":{"0":"post-297567","1":"post","2":"type-post","3":"status-publish","4":"format-standard","5":"has-post-thumbnail","7":"category-municipal","8":"tag-bolivar","9":"tag-ciudad-bolivar"},"_links":{"self":[{"href":"https:\/\/elluchador.info\/index.php?rest_route=\/wp\/v2\/posts\/297567","targetHints":{"allow":["GET"]}}],"collection":[{"href":"https:\/\/elluchador.info\/index.php?rest_route=\/wp\/v2\/posts"}],"about":[{"href":"https:\/\/elluchador.info\/index.php?rest_route=\/wp\/v2\/types\/post"}],"author":[{"embeddable":true,"href":"https:\/\/elluchador.info\/index.php?rest_route=\/wp\/v2\/users\/33"}],"replies":[{"embeddable":true,"href":"https:\/\/elluchador.info\/index.php?rest_route=%2Fwp%2Fv2%2Fcomments&post=297567"}],"version-history":[{"count":1,"href":"https:\/\/elluchador.info\/index.php?rest_route=\/wp\/v2\/posts\/297567\/revisions"}],"predecessor-version":[{"id":297570,"href":"https:\/\/elluchador.info\/index.php?rest_route=\/wp\/v2\/posts\/297567\/revisions\/297570"}],"wp:featuredmedia":[{"embeddable":true,"href":"https:\/\/elluchador.info\/index.php?rest_route=\/wp\/v2\/media\/297569"}],"wp:attachment":[{"href":"https:\/\/elluchador.info\/index.php?rest_route=%2Fwp%2Fv2%2Fmedia&parent=297567"}],"wp:term":[{"taxonomy":"category","embeddable":true,"href":"https:\/\/elluchador.info\/index.php?rest_route=%2Fwp%2Fv2%2Fcategories&post=297567"},{"taxonomy":"post_tag","embeddable":true,"href":"https:\/\/elluchador.info\/index.php?rest_route=%2Fwp%2Fv2%2Ftags&post=297567"}],"curies":[{"name":"wp","href":"https:\/\/api.w.org\/{rel}","templated":true}]}}