{"id":297571,"date":"2025-12-13T09:53:40","date_gmt":"2025-12-13T13:53:40","guid":{"rendered":"https:\/\/elluchador.info\/?p=297571"},"modified":"2025-12-13T09:56:01","modified_gmt":"2025-12-13T13:56:01","slug":"cleb-aprobo-por-unanimidad-la-creacion-de-la-empresa-ecobolivar","status":"publish","type":"post","link":"https:\/\/elluchador.info\/?p=297571","title":{"rendered":"CLEB aprob\u00f3 por unanimidad la creaci\u00f3n de la empresa EcoBol\u00edvar"},"content":{"rendered":"\n<p>El Consejo Legislativo del Estado Bol\u00edvar (CLEB) en sesi\u00f3n extraordinaria realizada este viernes 12 de diciembre, aprob\u00f3 por unanimidad la autorizaci\u00f3n a la gobernadora Yulisbeth Garc\u00eda, para la creaci\u00f3n de la empresa EcoBol\u00edvar C.A, la cual se encargar\u00e1 de la disposici\u00f3n final de los vertederos en el estado Bol\u00edvar.<\/p>\n\n\n\n<p>Asimismo, el Parlamento Regional aprob\u00f3 a la m\u00e1xima autoridad del estado Bol\u00edvar, la creaci\u00f3n de otras dos empresas; Empresa Parque Cient\u00edfico Tecnol\u00f3gico del Estado Bol\u00edvar C.A y la Empresa de Comercializaci\u00f3n, Importaci\u00f3n y Exportaci\u00f3n del Estado Bol\u00edvar C.A (EMCOEXBOL\u00cdVAR), previo cumplimiento con los art\u00edculos 39 y 40 de la Ley Org\u00e1nica de la Administraci\u00f3n P\u00fablica del Estado Bol\u00edvar.<\/p>\n\n\n<div class=\"wp-block-image\">\n<figure class=\"aligncenter size-large is-resized\"><img loading=\"lazy\" decoding=\"async\" width=\"1024\" height=\"768\" src=\"https:\/\/elluchador.info\/wp-content\/uploads\/2025\/12\/Foto-4-1024x768.jpeg\" alt=\"\" class=\"wp-image-297573\" style=\"width:640px;height:auto\" srcset=\"https:\/\/elluchador.info\/wp-content\/uploads\/2025\/12\/Foto-4-1024x768.jpeg 1024w, https:\/\/elluchador.info\/wp-content\/uploads\/2025\/12\/Foto-4-300x225.jpeg 300w, https:\/\/elluchador.info\/wp-content\/uploads\/2025\/12\/Foto-4-768x576.jpeg 768w, https:\/\/elluchador.info\/wp-content\/uploads\/2025\/12\/Foto-4-150x113.jpeg 150w, https:\/\/elluchador.info\/wp-content\/uploads\/2025\/12\/Foto-4-696x522.jpeg 696w, https:\/\/elluchador.info\/wp-content\/uploads\/2025\/12\/Foto-4-1068x801.jpeg 1068w, https:\/\/elluchador.info\/wp-content\/uploads\/2025\/12\/Foto-4-265x198.jpeg 265w, https:\/\/elluchador.info\/wp-content\/uploads\/2025\/12\/Foto-4.jpeg 1080w\" sizes=\"auto, (max-width: 1024px) 100vw, 1024px\" \/><\/figure>\n<\/div>\n\n\n<p>Durante la sesi\u00f3n extraordinaria dirigida por el legislador Lisbenio Mu\u00f1oz, presidente del CLEB, tambi\u00e9n se aprobaron cr\u00e9ditos adicionales al Ejecutivo Regional para continuar impulsando el desarrollo y la transformaci\u00f3n del estado Bol\u00edvar.<\/p>\n\n\n\n<p><strong>Proyecto de Ley de Presupuesto del Ejercicio Fiscal 2026<\/strong><\/p>\n\n\n\n<p>En el Hemiciclo de sesiones adem\u00e1s se remiti\u00f3 el informe para la primera discusi\u00f3n del Proyecto de Ley de Presupuesto de Recursos y Egresos del Estado Bol\u00edvar para el Ejercicio Fiscal 2026. <\/p>\n\n\n<div class=\"wp-block-image\">\n<figure class=\"aligncenter size-large is-resized\"><img loading=\"lazy\" decoding=\"async\" width=\"1024\" height=\"768\" src=\"https:\/\/elluchador.info\/wp-content\/uploads\/2025\/12\/Foto-3-1024x768.jpeg\" alt=\"\" class=\"wp-image-297572\" style=\"width:660px;height:auto\" srcset=\"https:\/\/elluchador.info\/wp-content\/uploads\/2025\/12\/Foto-3-1024x768.jpeg 1024w, https:\/\/elluchador.info\/wp-content\/uploads\/2025\/12\/Foto-3-300x225.jpeg 300w, https:\/\/elluchador.info\/wp-content\/uploads\/2025\/12\/Foto-3-768x576.jpeg 768w, https:\/\/elluchador.info\/wp-content\/uploads\/2025\/12\/Foto-3-150x113.jpeg 150w, https:\/\/elluchador.info\/wp-content\/uploads\/2025\/12\/Foto-3-696x522.jpeg 696w, https:\/\/elluchador.info\/wp-content\/uploads\/2025\/12\/Foto-3-1068x801.jpeg 1068w, https:\/\/elluchador.info\/wp-content\/uploads\/2025\/12\/Foto-3-265x198.jpeg 265w, https:\/\/elluchador.info\/wp-content\/uploads\/2025\/12\/Foto-3.jpeg 1280w\" sizes=\"auto, (max-width: 1024px) 100vw, 1024px\" \/><\/figure>\n<\/div>\n\n\n<p>Se estima que el pr\u00f3ximo lunes 15 de diciembre los legisladores y legisladoras realicen la segunda discusi\u00f3n del proyecto de ley y su correspondiente sanci\u00f3n. Esta sesi\u00f3n se realiz\u00f3 en el marco de la declaratoria de urgencia legislativa, decretada este jueves por el Parlamento Regional durante una sesi\u00f3n extraordinaria donde adem\u00e1s, aprobaron el acuerdo de c\u00e1mara N\u00b0 016-2025 en apoyo a la rescisi\u00f3n del contrato de la empresa Fospuca por parte de la Gobernadora Yulisbeth Garc\u00eda. <\/p>\n\n\n\n<p><strong>Prensa CLEB<\/strong><\/p>\n","protected":false},"excerpt":{"rendered":"<p>El Consejo Legislativo del Estado Bol\u00edvar (CLEB) en sesi\u00f3n extraordinaria realizada este viernes 12 de diciembre, aprob\u00f3 por unanimidad la autorizaci\u00f3n a la gobernadora Yulisbeth Garc\u00eda, para la creaci\u00f3n de la empresa EcoBol\u00edvar C.A, la cual se encargar\u00e1 de la disposici\u00f3n final de los vertederos en el estado Bol\u00edvar. Asimismo, el Parlamento Regional aprob\u00f3 a [&hellip;]<\/p>\n","protected":false},"author":33,"featured_media":297574,"comment_status":"closed","ping_status":"closed","sticky":false,"template":"","format":"standard","meta":{"footnotes":""},"categories":[5,11],"tags":[6026,776,3408],"class_list":{"0":"post-297571","1":"post","2":"type-post","3":"status-publish","4":"format-standard","5":"has-post-thumbnail","7":"category-destacado","8":"category-politica","9":"tag-ecobolivar","10":"tag-empresa","11":"tag-yulisbeth-garcia"},"_links":{"self":[{"href":"https:\/\/elluchador.info\/index.php?rest_route=\/wp\/v2\/posts\/297571","targetHints":{"allow":["GET"]}}],"collection":[{"href":"https:\/\/elluchador.info\/index.php?rest_route=\/wp\/v2\/posts"}],"about":[{"href":"https:\/\/elluchador.info\/index.php?rest_route=\/wp\/v2\/types\/post"}],"author":[{"embeddable":true,"href":"https:\/\/elluchador.info\/index.php?rest_route=\/wp\/v2\/users\/33"}],"replies":[{"embeddable":true,"href":"https:\/\/elluchador.info\/index.php?rest_route=%2Fwp%2Fv2%2Fcomments&post=297571"}],"version-history":[{"count":2,"href":"https:\/\/elluchador.info\/index.php?rest_route=\/wp\/v2\/posts\/297571\/revisions"}],"predecessor-version":[{"id":297576,"href":"https:\/\/elluchador.info\/index.php?rest_route=\/wp\/v2\/posts\/297571\/revisions\/297576"}],"wp:featuredmedia":[{"embeddable":true,"href":"https:\/\/elluchador.info\/index.php?rest_route=\/wp\/v2\/media\/297574"}],"wp:attachment":[{"href":"https:\/\/elluchador.info\/index.php?rest_route=%2Fwp%2Fv2%2Fmedia&parent=297571"}],"wp:term":[{"taxonomy":"category","embeddable":true,"href":"https:\/\/elluchador.info\/index.php?rest_route=%2Fwp%2Fv2%2Fcategories&post=297571"},{"taxonomy":"post_tag","embeddable":true,"href":"https:\/\/elluchador.info\/index.php?rest_route=%2Fwp%2Fv2%2Ftags&post=297571"}],"curies":[{"name":"wp","href":"https:\/\/api.w.org\/{rel}","templated":true}]}}