{"id":297577,"date":"2025-12-13T10:08:08","date_gmt":"2025-12-13T14:08:08","guid":{"rendered":"https:\/\/elluchador.info\/?p=297577"},"modified":"2025-12-13T10:08:40","modified_gmt":"2025-12-13T14:08:40","slug":"gobierno-prorroga-por-60-dias-mas-estado-de-emergencia-economica","status":"publish","type":"post","link":"https:\/\/elluchador.info\/?p=297577","title":{"rendered":"Gobierno prorroga por 60 d\u00edas m\u00e1s estado de emergencia econ\u00f3mica"},"content":{"rendered":"\n<p>El Gobierno Nacional prorrog\u00f3 por 60 d\u00edas la declaratoria del estado de emergencia econ\u00f3mica que rige en el pa\u00eds desde abril de este a\u00f1o. La norma fue publicada en la Gaceta Oficial Extraordinaria N\u00b0 6.944, fechada el pasado 8 de diciembre.<\/p>\n\n\n\n<p>Este decreto ya hab\u00eda sido prorrogado en agosto y posteriormente en octubre. La nueva pr\u00f3rroga se produce en un momento cuando aumentan las tensiones pol\u00edticas con Estados Unidos, cuyo gobierno mantiene un amplio despliegue militar en el Caribe y ya ha procedido a incautar un buque cargado de crudo venezolano y sanciones a seis navieras.<\/p>\n\n\n\n<p>Esta situaci\u00f3n complica el panorama econ\u00f3mico, por lo que el Ejecutivo opta por mantener la posibilidad de tomar medidas extraordinarias en materia econ\u00f3mica, financiera y social.<\/p>\n\n\n<div class=\"wp-block-image\">\n<figure class=\"aligncenter size-full\"><img loading=\"lazy\" decoding=\"async\" width=\"568\" height=\"757\" src=\"https:\/\/elluchador.info\/wp-content\/uploads\/2025\/12\/image.png\" alt=\"\" class=\"wp-image-297578\" srcset=\"https:\/\/elluchador.info\/wp-content\/uploads\/2025\/12\/image.png 568w, https:\/\/elluchador.info\/wp-content\/uploads\/2025\/12\/image-225x300.png 225w, https:\/\/elluchador.info\/wp-content\/uploads\/2025\/12\/image-150x200.png 150w, https:\/\/elluchador.info\/wp-content\/uploads\/2025\/12\/image-300x400.png 300w\" sizes=\"auto, (max-width: 568px) 100vw, 568px\" \/><\/figure>\n<\/div>\n\n\n<p><strong><em>De acuerdo con los extremos del nuevo decreto de pr\u00f3rroga, el Gobierno tiene las facultades de:<\/em><\/strong><\/p>\n\n\n\n<ul class=\"wp-block-list\">\n<li>\u00a0Dictar regulaciones excepcionales y transitorias que resulten necesarias para restablecer los equilibrios econ\u00f3micos y proteger los derechos de la poblaci\u00f3n.<\/li>\n\n\n\n<li>Suspender, con car\u00e1cter general, la aplicaci\u00f3n y cobro de tributos nacionales, estatales y municipales, as\u00ed como de los tr\u00e1mites administrativos relacionados, a fin de proteger el aparato productivo nacional.<\/li>\n\n\n\n<li>Concentrar en el Tesoro Nacional la recaudaci\u00f3n de las tasas y contribuciones especiales creadas por leyes y redireccionar<br>los recursos disponibles de todos los fondos existentes.<\/li>\n\n\n\n<li>Establecer mecanismos extraordinarios para combatir la evasi\u00f3n y elusi\u00f3n fiscal.<\/li>\n\n\n\n<li>Suspender la aplicaci\u00f3n de las exenciones de tributos nacionales y proceder a su recaudaci\u00f3n.<\/li>\n\n\n\n<li>Establecer mecanismos y porcentajes de compra obligatoria de la producci\u00f3n nacional, para favorecer la sustituci\u00f3n de<br>importaciones.<\/li>\n\n\n\n<li>Adoptar todas las medidas necesarias para estimular la inversi\u00f3n nacional e internacional en beneficio del desarrollo del aparato productivo, as\u00ed como las exportaciones de rubros no tradicionales, como mecanismo para la generaci\u00f3n de nuevas fuentes de empleo, divisas e ingresos.<\/li>\n\n\n\n<li>Autorizar las contrataciones que fueren necesarias para garantizar a la poblaci\u00f3n el restablecimiento de sus derechos fundamentales.<\/li>\n\n\n\n<li>Autorizar erogaciones con cargo al Tesoro Nacional y otras fuentes de financiamiento que no est\u00e9n previstas en el Presupuesto Anual.<\/li>\n\n\n\n<li>Dictar las normas que, excepcionalmente y sin sometimiento alguno a otro Poder P\u00fablico, autoricen las operaciones de cr\u00e9dito p\u00fablico, sus reprogramaciones y complementos que no est\u00e9n previstos en la Ley Especial de Endeudamiento, as\u00ed como las que permitan ampliar los montos m\u00e1ximos de endeudamiento que pueda contraer la Rep\u00fablica.<\/li>\n<\/ul>\n\n\n\n<p>Por otra parte, el art\u00edculo 3 de esta norma apunta que \u00absin menoscabo de lo se\u00f1alado en el art\u00edculo anterior, se suspende por el periodo que dure la emergencia econ\u00f3mica la garant\u00eda constitucional de la reserva legal en materia econ\u00f3mica, financiera y monetaria\u00bb.<\/p>\n\n\n\n<p>Al mismo tiempo, \u00abel Presidente de la Rep\u00fablica podr\u00e1 dictar otras medidas de orden social, econ\u00f3mico o pol\u00edtico que estime convenientes a las circunstancias para la estabilidad econ\u00f3mica y social del pa\u00eds frente a la situaci\u00f3n mundial\u00bb.<\/p>\n\n\n\n<p>Con informaci\u00f3n <strong><em>Banca y Negocios<\/em><\/strong><\/p>\n","protected":false},"excerpt":{"rendered":"<p>El Gobierno Nacional prorrog\u00f3 por 60 d\u00edas la declaratoria del estado de emergencia econ\u00f3mica que rige en el pa\u00eds desde abril de este a\u00f1o. La norma fue publicada en la Gaceta Oficial Extraordinaria N\u00b0 6.944, fechada el pasado 8 de diciembre. Este decreto ya hab\u00eda sido prorrogado en agosto y posteriormente en octubre. La nueva [&hellip;]<\/p>\n","protected":false},"author":33,"featured_media":297579,"comment_status":"closed","ping_status":"closed","sticky":false,"template":"","format":"standard","meta":{"footnotes":""},"categories":[5,9],"tags":[6027,352,84,105],"class_list":{"0":"post-297577","1":"post","2":"type-post","3":"status-publish","4":"format-standard","5":"has-post-thumbnail","7":"category-destacado","8":"category-nacionales","9":"tag-estado-de-emergencia","10":"tag-gobierno","11":"tag-maduro","12":"tag-venezuela"},"_links":{"self":[{"href":"https:\/\/elluchador.info\/index.php?rest_route=\/wp\/v2\/posts\/297577","targetHints":{"allow":["GET"]}}],"collection":[{"href":"https:\/\/elluchador.info\/index.php?rest_route=\/wp\/v2\/posts"}],"about":[{"href":"https:\/\/elluchador.info\/index.php?rest_route=\/wp\/v2\/types\/post"}],"author":[{"embeddable":true,"href":"https:\/\/elluchador.info\/index.php?rest_route=\/wp\/v2\/users\/33"}],"replies":[{"embeddable":true,"href":"https:\/\/elluchador.info\/index.php?rest_route=%2Fwp%2Fv2%2Fcomments&post=297577"}],"version-history":[{"count":1,"href":"https:\/\/elluchador.info\/index.php?rest_route=\/wp\/v2\/posts\/297577\/revisions"}],"predecessor-version":[{"id":297580,"href":"https:\/\/elluchador.info\/index.php?rest_route=\/wp\/v2\/posts\/297577\/revisions\/297580"}],"wp:featuredmedia":[{"embeddable":true,"href":"https:\/\/elluchador.info\/index.php?rest_route=\/wp\/v2\/media\/297579"}],"wp:attachment":[{"href":"https:\/\/elluchador.info\/index.php?rest_route=%2Fwp%2Fv2%2Fmedia&parent=297577"}],"wp:term":[{"taxonomy":"category","embeddable":true,"href":"https:\/\/elluchador.info\/index.php?rest_route=%2Fwp%2Fv2%2Fcategories&post=297577"},{"taxonomy":"post_tag","embeddable":true,"href":"https:\/\/elluchador.info\/index.php?rest_route=%2Fwp%2Fv2%2Ftags&post=297577"}],"curies":[{"name":"wp","href":"https:\/\/api.w.org\/{rel}","templated":true}]}}