{"id":297616,"date":"2025-12-13T16:45:00","date_gmt":"2025-12-13T20:45:00","guid":{"rendered":"https:\/\/elluchador.info\/?p=297616"},"modified":"2025-12-13T16:40:09","modified_gmt":"2025-12-13T20:40:09","slug":"culmina-primer-momento-pedagogico-del-ano-escolar-2025-2026-anuncio-ministro-hector-rodriguez","status":"publish","type":"post","link":"https:\/\/elluchador.info\/?p=297616","title":{"rendered":"Culmina \u00abPrimer Momento Pedag\u00f3gico\u00bb del A\u00f1o Escolar 2025-2026 anunci\u00f3 Ministro H\u00e9ctor Rodr\u00edguez"},"content":{"rendered":"\n<p>El ministro del Poder Popular para la Educaci\u00f3n, H\u00e9ctor Rodr\u00edguez, anunci\u00f3 la noche de este viernes la culminaci\u00f3n exitosa del primer momento pedag\u00f3gico del a\u00f1o escolar 2025-2026, calific\u00e1ndolo como un per\u00edodo de \u201cexploraci\u00f3n, crecimiento, aprendizajes y compartir\u201d para toda la comunidad educativa nacional.<\/p>\n\n\n\n<p>\u200bEl titular de la cartera educativa destac\u00f3 que los logros alcanzados son el resultado del \u201ctrabajo en equipo\u201d y representan un compromiso para seguir mejorando la calidad educativa en el pa\u00eds.<\/p>\n\n\n\n<p><strong>\u200bLogros clave y avances reportados<\/strong><br>\u200bEl ministro Rodr\u00edguez resalt\u00f3 varios avances concretos que marcan este primer per\u00edodo:<br><strong>\u200bMatr\u00edcula Escolar en Crecimiento: <\/strong>Se report\u00f3 un incremento en la matr\u00edcula, superando la cifra de los 6 millones de estudiantes inscritos. La meta establecida por el ministerio es alcanzar los 7 millones de alumnos.<br><strong>\u200bDefensa del Calendario y Horario Escolar: <\/strong>Se consolid\u00f3 el respeto al calendario y tiempo escolar, logrando erradicar definitivamente los conocidos como \u201chorarios mosaicos\u201d en las instituciones.<br><strong>\u200bFormaci\u00f3n y Dignificaci\u00f3n Docente: <\/strong>Se registr\u00f3 una notable disminuci\u00f3n en el d\u00e9ficit de especialistas, contando actualmente con m\u00e1s de 220.000 docentes en proceso de formaci\u00f3n continua.<br><strong>\u200bMejora de la Infraestructura: <\/strong>El plan de recuperaci\u00f3n y dotaci\u00f3n avanza con la atenci\u00f3n mensual de 100 instituciones educativas a trav\u00e9s de labores de rehabilitaci\u00f3n. A la par, se mantiene la ejecuci\u00f3n de nuevos planteles a nivel nacional.<br><strong>\u200bFortalecimiento del PAE: <\/strong>El Programa de Alimentaci\u00f3n Escolar (PAE) fue robustecido con un mayor enfoque en la calidad nutricional. Esto incluye el incremento en la distribuci\u00f3n de prote\u00ednas, verduras y hortalizas, y la optimizaci\u00f3n de las capacidades log\u00edsticas mediante la dotaci\u00f3n de camiones.<\/p>\n\n\n\n<p>\u200bAdicionalmente, se inform\u00f3 que el equipo del PAE brindar\u00e1 apoyo al Ministerio de Alimentaci\u00f3n en su plan de distribuci\u00f3n de alimentos, durante el venidero tiempo navide\u00f1o.<\/p>\n\n\n\n<p>\u200bEl ministro Rodr\u00edguez finaliz\u00f3 su alocuci\u00f3n llamando a la comunidad educativa a recargar energ\u00edas durante el asueto para afrontar el pr\u00f3ximo per\u00edodo con el mismo \u00edmpetu y dedicaci\u00f3n.<br>\u200b<br>Con informaci\u00f3n de <strong>agencias<\/strong><\/p>\n","protected":false},"excerpt":{"rendered":"<p>El ministro del Poder Popular para la Educaci\u00f3n, H\u00e9ctor Rodr\u00edguez, anunci\u00f3 la noche de este viernes la culminaci\u00f3n exitosa del primer momento pedag\u00f3gico del a\u00f1o escolar 2025-2026, calific\u00e1ndolo como un per\u00edodo de \u201cexploraci\u00f3n, crecimiento, aprendizajes y compartir\u201d para toda la comunidad educativa nacional. \u200bEl titular de la cartera educativa destac\u00f3 que los logros alcanzados son [&hellip;]<\/p>\n","protected":false},"author":38,"featured_media":297617,"comment_status":"closed","ping_status":"closed","sticky":false,"template":"","format":"standard","meta":{"footnotes":""},"categories":[5,9],"tags":[105],"class_list":{"0":"post-297616","1":"post","2":"type-post","3":"status-publish","4":"format-standard","5":"has-post-thumbnail","7":"category-destacado","8":"category-nacionales","9":"tag-venezuela"},"_links":{"self":[{"href":"https:\/\/elluchador.info\/index.php?rest_route=\/wp\/v2\/posts\/297616","targetHints":{"allow":["GET"]}}],"collection":[{"href":"https:\/\/elluchador.info\/index.php?rest_route=\/wp\/v2\/posts"}],"about":[{"href":"https:\/\/elluchador.info\/index.php?rest_route=\/wp\/v2\/types\/post"}],"author":[{"embeddable":true,"href":"https:\/\/elluchador.info\/index.php?rest_route=\/wp\/v2\/users\/38"}],"replies":[{"embeddable":true,"href":"https:\/\/elluchador.info\/index.php?rest_route=%2Fwp%2Fv2%2Fcomments&post=297616"}],"version-history":[{"count":1,"href":"https:\/\/elluchador.info\/index.php?rest_route=\/wp\/v2\/posts\/297616\/revisions"}],"predecessor-version":[{"id":297618,"href":"https:\/\/elluchador.info\/index.php?rest_route=\/wp\/v2\/posts\/297616\/revisions\/297618"}],"wp:featuredmedia":[{"embeddable":true,"href":"https:\/\/elluchador.info\/index.php?rest_route=\/wp\/v2\/media\/297617"}],"wp:attachment":[{"href":"https:\/\/elluchador.info\/index.php?rest_route=%2Fwp%2Fv2%2Fmedia&parent=297616"}],"wp:term":[{"taxonomy":"category","embeddable":true,"href":"https:\/\/elluchador.info\/index.php?rest_route=%2Fwp%2Fv2%2Fcategories&post=297616"},{"taxonomy":"post_tag","embeddable":true,"href":"https:\/\/elluchador.info\/index.php?rest_route=%2Fwp%2Fv2%2Ftags&post=297616"}],"curies":[{"name":"wp","href":"https:\/\/api.w.org\/{rel}","templated":true}]}}