{"id":297622,"date":"2025-12-13T17:06:00","date_gmt":"2025-12-13T21:06:00","guid":{"rendered":"https:\/\/elluchador.info\/?p=297622"},"modified":"2025-12-13T16:44:04","modified_gmt":"2025-12-13T20:44:04","slug":"fallece-abraham-quintanilla-padre-y-manager-de-selena-a-los-86-anos","status":"publish","type":"post","link":"https:\/\/elluchador.info\/?p=297622","title":{"rendered":"Fallece Abraham Quintanilla, padre y manager de Selena a los 86 a\u00f1os"},"content":{"rendered":"\n<p>La comunidad musical y latina lamenta profundamente el fallecimiento de Abraham Quintanilla, reconocido productor, manager y patriarca de la familia Quintanilla, quien muri\u00f3 hoy a la edad de 86 a\u00f1os.<\/p>\n\n\n\n<p>\u200bLa noticia fue confirmada por su hijo, A.B. Quintanilla, a trav\u00e9s de una emotiva publicaci\u00f3n en su cuenta de Instagram, donde expres\u00f3: \u201cEs con pesadez en nuestro coraz\u00f3n que les informamos que mi pap\u00e1 muri\u00f3 hoy\u201d.<\/p>\n\n\n\n<p><strong>\u200bLegado imperecedero en la m\u00fasica tejana<\/strong><br>\u200bAbraham Quintanilla fue una figura fundamental en el desarrollo y ascenso de la m\u00fasica tejana. Es ampliamente conocido por su labor como productor y representante de la exitosa banda familiar \u201cSelena y Los Dinos\u201d, que alcanz\u00f3 gran notoriedad en la d\u00e9cada de 1980, impulsando la carrera de su hija, la ic\u00f3nica \u00abReina del Tex-Mex\u00bb, Selena.<\/p>\n\n\n\n<p>\u200bA lo largo de su vida, Abraham no solo gui\u00f3 la trayectoria de Selena en cada momento importante, sino que tambi\u00e9n fue su apoyo incondicional hasta su tr\u00e1gica e inesperada muerte en 1995.<\/p>\n\n\n\n<p><strong>\u200bPreservando la memoria de Selena<\/strong><br>\u200bTras el deceso de su hija, Quintanilla dedic\u00f3 su vida a preservar y expandir el legado de Selena. Continu\u00f3 influyendo en su historia a trav\u00e9s de la producci\u00f3n ejecutiva de importantes proyectos biogr\u00e1ficos, incluyendo:<br>\u200bLa pel\u00edcula biogr\u00e1fica \u00abSelena\u00bb (1997), donde fue interpretado por el aclamado actor Edward James Olmos.<br>\u200bLa serie de Netflix \u00abSelena: La serie\u00bb (2020), donde su papel fue desempe\u00f1ado por Ricardo Chavira.<\/p>\n\n\n\n<p><strong>\u200bCondolencias y reconocimiento<\/strong><br>\u200bLa noticia de su fallecimiento ha generado una oleada de mensajes de condolencia y apoyo por parte de artistas, amigos, y seguidores de todo el mundo, quienes han destacado la fortaleza de la familia Quintanilla y la imborrable contribuci\u00f3n de Abraham a la m\u00fasica.<\/p>\n\n\n\n<p>\u200bAbraham Quintanilla, ser\u00e1 recordado no solo como el manager y padre detr\u00e1s del fen\u00f3meno global de Selena, sino como un pilar en la historia cultural latina y un tit\u00e1n de la m\u00fasica tejana.<\/p>\n\n\n\n<p>Con informaci\u00f3n de <strong>agencias<\/strong><\/p>\n\n\n\n<p><\/p>\n","protected":false},"excerpt":{"rendered":"<p>La comunidad musical y latina lamenta profundamente el fallecimiento de Abraham Quintanilla, reconocido productor, manager y patriarca de la familia Quintanilla, quien muri\u00f3 hoy a la edad de 86 a\u00f1os. \u200bLa noticia fue confirmada por su hijo, A.B. Quintanilla, a trav\u00e9s de una emotiva publicaci\u00f3n en su cuenta de Instagram, donde expres\u00f3: \u201cEs con pesadez [&hellip;]<\/p>\n","protected":false},"author":38,"featured_media":297623,"comment_status":"closed","ping_status":"closed","sticky":false,"template":"","format":"standard","meta":{"footnotes":""},"categories":[7],"tags":[448],"class_list":{"0":"post-297622","1":"post","2":"type-post","3":"status-publish","4":"format-standard","5":"has-post-thumbnail","7":"category-entretenimiento","8":"tag-mundo"},"_links":{"self":[{"href":"https:\/\/elluchador.info\/index.php?rest_route=\/wp\/v2\/posts\/297622","targetHints":{"allow":["GET"]}}],"collection":[{"href":"https:\/\/elluchador.info\/index.php?rest_route=\/wp\/v2\/posts"}],"about":[{"href":"https:\/\/elluchador.info\/index.php?rest_route=\/wp\/v2\/types\/post"}],"author":[{"embeddable":true,"href":"https:\/\/elluchador.info\/index.php?rest_route=\/wp\/v2\/users\/38"}],"replies":[{"embeddable":true,"href":"https:\/\/elluchador.info\/index.php?rest_route=%2Fwp%2Fv2%2Fcomments&post=297622"}],"version-history":[{"count":1,"href":"https:\/\/elluchador.info\/index.php?rest_route=\/wp\/v2\/posts\/297622\/revisions"}],"predecessor-version":[{"id":297624,"href":"https:\/\/elluchador.info\/index.php?rest_route=\/wp\/v2\/posts\/297622\/revisions\/297624"}],"wp:featuredmedia":[{"embeddable":true,"href":"https:\/\/elluchador.info\/index.php?rest_route=\/wp\/v2\/media\/297623"}],"wp:attachment":[{"href":"https:\/\/elluchador.info\/index.php?rest_route=%2Fwp%2Fv2%2Fmedia&parent=297622"}],"wp:term":[{"taxonomy":"category","embeddable":true,"href":"https:\/\/elluchador.info\/index.php?rest_route=%2Fwp%2Fv2%2Fcategories&post=297622"},{"taxonomy":"post_tag","embeddable":true,"href":"https:\/\/elluchador.info\/index.php?rest_route=%2Fwp%2Fv2%2Ftags&post=297622"}],"curies":[{"name":"wp","href":"https:\/\/api.w.org\/{rel}","templated":true}]}}