{"id":297644,"date":"2025-12-14T09:23:00","date_gmt":"2025-12-14T13:23:00","guid":{"rendered":"https:\/\/elluchador.info\/?p=297644"},"modified":"2025-12-14T09:17:24","modified_gmt":"2025-12-14T13:17:24","slug":"ministro-de-defensa-colombiano-moviliza-unidades-de-seguridad-ante-paro-armado-del-eln","status":"publish","type":"post","link":"https:\/\/elluchador.info\/?p=297644","title":{"rendered":"Ministro de Defensa colombiano moviliza unidades de seguridad ante paro armado del ELN"},"content":{"rendered":"\n<p>El Gobierno colombiano activ\u00f3 este viernes una respuesta de seguridad a nivel nacional ante el anuncio de un \u00abparo armado\u00bb de tres d\u00edas convocado por la guerrilla del Ej\u00e9rcito de Liberaci\u00f3n Nacional (ELN), que comenzar\u00e1 este s\u00e1bado 14 de diciembre.<\/p>\n\n\n\n<p>\u200bEl ministro de Defensa, Pedro S\u00e1nchez Su\u00e1rez, anunci\u00f3 la movilizaci\u00f3n de \u00abtodas las capacidades\u00bb militares y policiales para contrarrestar la amenaza en todo el territorio.<\/p>\n\n\n\n<p>\u200b\u00bbEl cartel del narcotr\u00e1fico y el terrorismo del ELN persiste en amenazar al pueblo colombiano, a nuestras comunidades, ni\u00f1os, ni\u00f1as, mujeres y campesinos, en algo que c\u00ednicamente llaman \u2018paro armado\u2019, que no es m\u00e1s que constre\u00f1imiento criminal\u00bb, expres\u00f3 el ministro S\u00e1nchez en una declaraci\u00f3n.<\/p>\n\n\n\n<p>\u200bEl alto funcionario enfatiz\u00f3 que este grupo amenaza al pa\u00eds y, por ello, se ha desplegado el personal de las fuerzas p\u00fablicas: \u00abTodos nuestros militares y polic\u00edas est\u00e1n (en) alerta para neutralizar esta amenaza que tanto da\u00f1o le ha hecho a Colombia\u00bb, agreg\u00f3.<\/p>\n\n\n\n<p><strong>\u200bDetalles del \u00abParo Armado\u00bb<\/strong><br>\u200bEl ELN comunic\u00f3 que el paro armado de 72 horas tiene como objetivo protestar por las \u00abamenazas de intervenci\u00f3n imperialista\u00bb y la \u00abnueva fase del plan neocolonial\u00bb del presidente estadounidense, Donald Trump.<\/p>\n\n\n\n<p>\u200b\u00bbLa injerencia del imperialismo norteamericano pretende recrudecer el saqueo de nuestros bienes naturales y riquezas nacionales, despojo al que nos seguiremos oponiendo\u00bb, se\u00f1al\u00f3 la guerrilla en su comunicado.<\/p>\n\n\n\n<p>\u200bInicio: 14 de diciembre a las 06.00 hora local (11.00 GMT).<br>\u200bFinalizaci\u00f3n: 17 de diciembre a las 06.00 hora local (11.00 GMT).<br>\u200bSeg\u00fan la ONG Insight Crime, el ELN tiene presencia y capacidad de control en al menos 231 municipios en 19 de los 32 departamentos de Colombia. Durante este tipo de acciones, la guerrilla hist\u00f3ricamente restringe la movilidad en carreteras y r\u00edos, ordena el cierre de comercios y amenaza a quienes no acaten sus directrices.<\/p>\n\n\n\n<p><strong>\u200bContexto de tensi\u00f3n y di\u00e1logos estancados<\/strong><br>\u200bEl anuncio del paro armado se produce en un momento de estancamiento en los di\u00e1logos de paz entre el Gobierno del presidente Gustavo Petro y el ELN, luego de que un cese al fuego bilateral expirara en agosto de 2024 sin lograr una reactivaci\u00f3n.<\/p>\n\n\n\n<p>\u200bMientras la pol\u00edtica de \u00abpaz total\u00bb del Gobierno no muestra avances significativos con esta guerrilla, organismos internacionales han alertado sobre el deterioro del conflicto armado en diversas regiones del pa\u00eds.<\/p>\n\n\n\n<p>\u200bCon informaci\u00f3n de <strong>agencias<\/strong><\/p>\n\n\n\n<p><\/p>\n","protected":false},"excerpt":{"rendered":"<p>El Gobierno colombiano activ\u00f3 este viernes una respuesta de seguridad a nivel nacional ante el anuncio de un \u00abparo armado\u00bb de tres d\u00edas convocado por la guerrilla del Ej\u00e9rcito de Liberaci\u00f3n Nacional (ELN), que comenzar\u00e1 este s\u00e1bado 14 de diciembre. \u200bEl ministro de Defensa, Pedro S\u00e1nchez Su\u00e1rez, anunci\u00f3 la movilizaci\u00f3n de \u00abtodas las capacidades\u00bb militares [&hellip;]<\/p>\n","protected":false},"author":38,"featured_media":297646,"comment_status":"closed","ping_status":"closed","sticky":false,"template":"","format":"standard","meta":{"footnotes":""},"categories":[8],"tags":[448],"class_list":{"0":"post-297644","1":"post","2":"type-post","3":"status-publish","4":"format-standard","5":"has-post-thumbnail","7":"category-internacionales","8":"tag-mundo"},"_links":{"self":[{"href":"https:\/\/elluchador.info\/index.php?rest_route=\/wp\/v2\/posts\/297644","targetHints":{"allow":["GET"]}}],"collection":[{"href":"https:\/\/elluchador.info\/index.php?rest_route=\/wp\/v2\/posts"}],"about":[{"href":"https:\/\/elluchador.info\/index.php?rest_route=\/wp\/v2\/types\/post"}],"author":[{"embeddable":true,"href":"https:\/\/elluchador.info\/index.php?rest_route=\/wp\/v2\/users\/38"}],"replies":[{"embeddable":true,"href":"https:\/\/elluchador.info\/index.php?rest_route=%2Fwp%2Fv2%2Fcomments&post=297644"}],"version-history":[{"count":1,"href":"https:\/\/elluchador.info\/index.php?rest_route=\/wp\/v2\/posts\/297644\/revisions"}],"predecessor-version":[{"id":297647,"href":"https:\/\/elluchador.info\/index.php?rest_route=\/wp\/v2\/posts\/297644\/revisions\/297647"}],"wp:featuredmedia":[{"embeddable":true,"href":"https:\/\/elluchador.info\/index.php?rest_route=\/wp\/v2\/media\/297646"}],"wp:attachment":[{"href":"https:\/\/elluchador.info\/index.php?rest_route=%2Fwp%2Fv2%2Fmedia&parent=297644"}],"wp:term":[{"taxonomy":"category","embeddable":true,"href":"https:\/\/elluchador.info\/index.php?rest_route=%2Fwp%2Fv2%2Fcategories&post=297644"},{"taxonomy":"post_tag","embeddable":true,"href":"https:\/\/elluchador.info\/index.php?rest_route=%2Fwp%2Fv2%2Ftags&post=297644"}],"curies":[{"name":"wp","href":"https:\/\/api.w.org\/{rel}","templated":true}]}}