{"id":297660,"date":"2025-12-14T11:35:21","date_gmt":"2025-12-14T15:35:21","guid":{"rendered":"https:\/\/elluchador.info\/?p=297660"},"modified":"2025-12-14T11:35:25","modified_gmt":"2025-12-14T15:35:25","slug":"comienza-segunda-vuelta-electoral-presidencial-en-chile","status":"publish","type":"post","link":"https:\/\/elluchador.info\/?p=297660","title":{"rendered":"Comienza segunda vuelta electoral presidencial en Chile"},"content":{"rendered":"\n<p>Los ciudadanos chilenos acuden este domingo a las urnas en la segunda vuelta de las elecciones presidenciales, en una contienda polarizada para elegir al sucesor del actual presidente Gabriel Boric. La elecci\u00f3n se define entre la candidata progresista Jeannette Jara y el aspirante ultraderechista Jos\u00e9 Antonio Kast.<\/p>\n\n\n\n<p>\u200bLos centros electorales abrieron sus puertas a las 08:00 hora local de este domingo y est\u00e1 previsto que cierren a las 18:00 hora local, siempre y cuando no queden votantes en fila esperando ejercer su derecho.<\/p>\n\n\n\n<p>\u200bM\u00e1s de 15.7 millones de ciudadanos est\u00e1n convocados para definir a la persona que ocupar\u00e1 la Presidencia del pa\u00eds suramericano durante el periodo 2026-2030.<\/p>\n\n\n\n<p>\u200b<strong>Llamado al deber c\u00edvico<\/strong><br>\u200bPamela Figueroa, presidenta del Servicio Electoral de Chile (Servel), record\u00f3 a la ciudadan\u00eda la importancia de participar en el proceso. \u200b\u201cEl voto es obligatorio en Chile y voluntario en el exterior; por eso es importante que cada elector revise su local de votaci\u00f3n y ejerza su deber c\u00edvico\u201d, manifest\u00f3 la funcionaria en un mensaje reciente.<\/p>\n\n\n\n<p><strong>\u200bLos candidatos y el escenario<\/strong><br>\u200bJeannette Jara, militante del Partido Comunista y representante de la coalici\u00f3n gobernante de fuerzas progresistas, lider\u00f3 la primera vuelta celebrada el pasado 16 de noviembre con el 26.8 por ciento de los votos.<br>\u200bJos\u00e9 Antonio Kast, del derechista Partido Republicano, se posicion\u00f3 en segundo lugar con el 23.9 por ciento de los sufragios v\u00e1lidos.<\/p>\n\n\n\n<p>\u200bA pesar de que Jara obtuvo m\u00e1s votos en la primera ronda, las encuestas de opini\u00f3n p\u00fablica favorecen a Kast para este balotaje. El \u00faltimo sondeo de Plaza P\u00fablica Cadem, divulgado antes de la veda electoral, otorg\u00f3 al candidato ultraderechista el 58 por ciento de la preferencia electoral, frente al 42 por ciento de la intenci\u00f3n de voto para Jara.<\/p>\n\n\n\n<p><strong>\u200bLa disyuntiva del voto<\/strong><br>\u200bJara enfrenta el reto de movilizar el voto de los ciudadanos que se oponen a la plataforma de Kast. El candidato de extrema derecha ha prometido pol\u00edticas de l\u00ednea dura, incluyendo:<br>\u200bC\u00e1rceles de m\u00e1xima seguridad.<br>\u200bEscudo fronterizo.<br>\u200bPenas m\u00e1s duras.<br>\u200bDeportaci\u00f3n de inmigrantes, siguiendo un modelo similar al promovido por el expresidente estadounidense Donald Trump.<\/p>\n\n\n\n<p>\u200bEsta segunda vuelta representa una clara definici\u00f3n ideol\u00f3gica para el futuro de Chile, con los ciudadanos decidiendo entre la continuidad de un proyecto progresista o un giro hacia la derecha m\u00e1s radical.<br>\u200b<br>Con informaci\u00f3n de <strong>agencias<\/strong><\/p>\n\n\n\n<p><\/p>\n","protected":false},"excerpt":{"rendered":"<p>Los ciudadanos chilenos acuden este domingo a las urnas en la segunda vuelta de las elecciones presidenciales, en una contienda polarizada para elegir al sucesor del actual presidente Gabriel Boric. La elecci\u00f3n se define entre la candidata progresista Jeannette Jara y el aspirante ultraderechista Jos\u00e9 Antonio Kast. \u200bLos centros electorales abrieron sus puertas a las [&hellip;]<\/p>\n","protected":false},"author":38,"featured_media":297661,"comment_status":"closed","ping_status":"closed","sticky":false,"template":"","format":"standard","meta":{"footnotes":""},"categories":[5,11],"tags":[448],"class_list":{"0":"post-297660","1":"post","2":"type-post","3":"status-publish","4":"format-standard","5":"has-post-thumbnail","7":"category-destacado","8":"category-politica","9":"tag-mundo"},"_links":{"self":[{"href":"https:\/\/elluchador.info\/index.php?rest_route=\/wp\/v2\/posts\/297660","targetHints":{"allow":["GET"]}}],"collection":[{"href":"https:\/\/elluchador.info\/index.php?rest_route=\/wp\/v2\/posts"}],"about":[{"href":"https:\/\/elluchador.info\/index.php?rest_route=\/wp\/v2\/types\/post"}],"author":[{"embeddable":true,"href":"https:\/\/elluchador.info\/index.php?rest_route=\/wp\/v2\/users\/38"}],"replies":[{"embeddable":true,"href":"https:\/\/elluchador.info\/index.php?rest_route=%2Fwp%2Fv2%2Fcomments&post=297660"}],"version-history":[{"count":1,"href":"https:\/\/elluchador.info\/index.php?rest_route=\/wp\/v2\/posts\/297660\/revisions"}],"predecessor-version":[{"id":297662,"href":"https:\/\/elluchador.info\/index.php?rest_route=\/wp\/v2\/posts\/297660\/revisions\/297662"}],"wp:featuredmedia":[{"embeddable":true,"href":"https:\/\/elluchador.info\/index.php?rest_route=\/wp\/v2\/media\/297661"}],"wp:attachment":[{"href":"https:\/\/elluchador.info\/index.php?rest_route=%2Fwp%2Fv2%2Fmedia&parent=297660"}],"wp:term":[{"taxonomy":"category","embeddable":true,"href":"https:\/\/elluchador.info\/index.php?rest_route=%2Fwp%2Fv2%2Fcategories&post=297660"},{"taxonomy":"post_tag","embeddable":true,"href":"https:\/\/elluchador.info\/index.php?rest_route=%2Fwp%2Fv2%2Ftags&post=297660"}],"curies":[{"name":"wp","href":"https:\/\/api.w.org\/{rel}","templated":true}]}}