{"id":297676,"date":"2025-12-14T12:45:00","date_gmt":"2025-12-14T16:45:00","guid":{"rendered":"https:\/\/elluchador.info\/?p=297676"},"modified":"2025-12-14T12:39:25","modified_gmt":"2025-12-14T16:39:25","slug":"exportan-28-toneladas-de-cafe-verde-a-rusia","status":"publish","type":"post","link":"https:\/\/elluchador.info\/?p=297676","title":{"rendered":"Exportan 28 toneladas de caf\u00e9 verde a Rusia"},"content":{"rendered":"\n<p>El estado Yaracuy ha marcado un hito significativo en su historial productivo al concretar la primera exportaci\u00f3n de caf\u00e9 verde de la entidad. Un total de 28 toneladas de caf\u00e9 verde de variedad Ar\u00e1biga fueron enviadas con destino a Rusia, seg\u00fan inform\u00f3 el gobernador Leonardo Intoci a trav\u00e9s de sus redes sociales.<\/p>\n\n\n\n<p><strong>\u200bAlianza estrat\u00e9gica para el desarrollo<\/strong><br>\u200bEl gobernador Intoci destac\u00f3 que este logro es el resultado de una alianza estrat\u00e9gica y la articulaci\u00f3n entre diversos actores.<\/p>\n\n\n\n<p>\u200b\u201cEste logro es posible gracias a la alianza entre la Gobernaci\u00f3n Bolivariana de Yaracuy y nuestros aliados del Grupo Tendencia, en perfecta articulaci\u00f3n con la Corporaci\u00f3n Venezolana de Caf\u00e9, el Ministerio de Agricultura Productiva y Tierras y la Marca Pa\u00eds Venezuela\u201d, escribi\u00f3 Intoci en su cuenta de Instagram.<\/p>\n\n\n\n<p><strong>\u200bCalidad y orgullo yaracuyano<\/strong><br>\u200bEl mandatario regional resalt\u00f3 la calidad excepcional del rubro exportado, enfatizando las caracter\u00edsticas \u00fanicas que lo hacen competitivo a nivel internacional.<\/p>\n\n\n\n<p>\u200bEl caf\u00e9 yaracuyano es reconocido por sus \u00abpropiedades organol\u00e9pticas \u00fanicas\u00bb.<br>\u200bOrigen Privilegiado: Estas caracter\u00edsticas son el resultado directo de las \u00abcondiciones privilegiadas de altitud, suelo y relieve del Macizo de Nirgua y la Sierra de Aroa\u00bb.<\/p>\n\n\n\n<p>\u200bIntoci afirm\u00f3 que \u00abCada grano lleva consigo tradici\u00f3n, calidad y el orgullo de nuestra gente\u201d.<\/p>\n\n\n\n<p><strong>\u200bVenezuela abierta al mundo<\/strong><br>\u200bEsta exportaci\u00f3n no solo representa un avance para el estado Yaracuy, sino que tambi\u00e9n reafirma el potencial productivo de la naci\u00f3n.<\/p>\n\n\n\n<p>\u200bEl gobernador expres\u00f3 que con la colocaci\u00f3n de este rubro en el mercado ruso, se reafirma el mensaje de que \u201cVenezuela tiene mucho que ofrecer al mundo\u201d, abriendo nuevas oportunidades para la econom\u00eda regional y nacional.<br>\u200b<br>Con informaci\u00f3n de <strong>agencias<\/strong><\/p>\n","protected":false},"excerpt":{"rendered":"<p>El estado Yaracuy ha marcado un hito significativo en su historial productivo al concretar la primera exportaci\u00f3n de caf\u00e9 verde de la entidad. Un total de 28 toneladas de caf\u00e9 verde de variedad Ar\u00e1biga fueron enviadas con destino a Rusia, seg\u00fan inform\u00f3 el gobernador Leonardo Intoci a trav\u00e9s de sus redes sociales. \u200bAlianza estrat\u00e9gica para [&hellip;]<\/p>\n","protected":false},"author":38,"featured_media":297677,"comment_status":"closed","ping_status":"closed","sticky":false,"template":"","format":"standard","meta":{"footnotes":""},"categories":[6],"tags":[105],"class_list":{"0":"post-297676","1":"post","2":"type-post","3":"status-publish","4":"format-standard","5":"has-post-thumbnail","7":"category-economia","8":"tag-venezuela"},"_links":{"self":[{"href":"https:\/\/elluchador.info\/index.php?rest_route=\/wp\/v2\/posts\/297676","targetHints":{"allow":["GET"]}}],"collection":[{"href":"https:\/\/elluchador.info\/index.php?rest_route=\/wp\/v2\/posts"}],"about":[{"href":"https:\/\/elluchador.info\/index.php?rest_route=\/wp\/v2\/types\/post"}],"author":[{"embeddable":true,"href":"https:\/\/elluchador.info\/index.php?rest_route=\/wp\/v2\/users\/38"}],"replies":[{"embeddable":true,"href":"https:\/\/elluchador.info\/index.php?rest_route=%2Fwp%2Fv2%2Fcomments&post=297676"}],"version-history":[{"count":1,"href":"https:\/\/elluchador.info\/index.php?rest_route=\/wp\/v2\/posts\/297676\/revisions"}],"predecessor-version":[{"id":297678,"href":"https:\/\/elluchador.info\/index.php?rest_route=\/wp\/v2\/posts\/297676\/revisions\/297678"}],"wp:featuredmedia":[{"embeddable":true,"href":"https:\/\/elluchador.info\/index.php?rest_route=\/wp\/v2\/media\/297677"}],"wp:attachment":[{"href":"https:\/\/elluchador.info\/index.php?rest_route=%2Fwp%2Fv2%2Fmedia&parent=297676"}],"wp:term":[{"taxonomy":"category","embeddable":true,"href":"https:\/\/elluchador.info\/index.php?rest_route=%2Fwp%2Fv2%2Fcategories&post=297676"},{"taxonomy":"post_tag","embeddable":true,"href":"https:\/\/elluchador.info\/index.php?rest_route=%2Fwp%2Fv2%2Ftags&post=297676"}],"curies":[{"name":"wp","href":"https:\/\/api.w.org\/{rel}","templated":true}]}}