{"id":298395,"date":"2025-12-23T13:11:28","date_gmt":"2025-12-23T17:11:28","guid":{"rendered":"https:\/\/elluchador.info\/?p=298395"},"modified":"2025-12-23T13:12:00","modified_gmt":"2025-12-23T17:12:00","slug":"air-europa-amplia-la-cancelacion-de-sus-vuelos-a-venezuela","status":"publish","type":"post","link":"https:\/\/elluchador.info\/?p=298395","title":{"rendered":"Air Europa ampl\u00eda la cancelaci\u00f3n de sus vuelos a Venezuela"},"content":{"rendered":"\n<p>Air Europa cancel\u00f3 los vuelos hacia y desde Caracas hasta, al menos, el pr\u00f3ximo 18 de enero, pendiente de la evoluci\u00f3n de la situaci\u00f3n en el Caribe.<\/p>\n\n\n\n<p>Seg\u00fan ha comunicado la compa\u00f1\u00eda en sus redes sociales, Air Europa tambi\u00e9n da a sus pasajeros la opci\u00f3n de cambiar de fecha los billetes para los vuelos entre Madrid y Caracas hasta el pr\u00f3ximo 31 de marzo.<\/p>\n\n\n\n<p>La aerol\u00ednea espa\u00f1ola suspendi\u00f3 sus operaciones a Caracas el pasado 24 de noviembre y ofrece a los clientes cambios de fecha y de ruta gratuitos, un vale o el reembolso del importe de sus billetes.<\/p>\n\n\n\n<p><strong>Iberia y Plus Ultra al menos hasta el 31 de diciembre<\/strong><\/p>\n\n\n\n<p>Iberia y Plus Ultra tienen anunciada la cancelaci\u00f3n de sus operaciones hacia o desde Venezuela hasta, al menos, el pr\u00f3ximo 31 de diciembre.<\/p>\n\n\n\n<p>Con informaci\u00f3n Agencias.-<\/p>\n\n\n\n<p><\/p>\n","protected":false},"excerpt":{"rendered":"<p>Air Europa cancel\u00f3 los vuelos hacia y desde Caracas hasta, al menos, el pr\u00f3ximo 18 de enero, pendiente de la evoluci\u00f3n de la situaci\u00f3n en el Caribe. Seg\u00fan ha comunicado la compa\u00f1\u00eda en sus redes sociales, Air Europa tambi\u00e9n da a sus pasajeros la opci\u00f3n de cambiar de fecha los billetes para los vuelos entre [&hellip;]<\/p>\n","protected":false},"author":33,"featured_media":298396,"comment_status":"closed","ping_status":"closed","sticky":false,"template":"","format":"standard","meta":{"footnotes":""},"categories":[9],"tags":[],"class_list":{"0":"post-298395","1":"post","2":"type-post","3":"status-publish","4":"format-standard","5":"has-post-thumbnail","7":"category-nacionales"},"_links":{"self":[{"href":"https:\/\/elluchador.info\/index.php?rest_route=\/wp\/v2\/posts\/298395","targetHints":{"allow":["GET"]}}],"collection":[{"href":"https:\/\/elluchador.info\/index.php?rest_route=\/wp\/v2\/posts"}],"about":[{"href":"https:\/\/elluchador.info\/index.php?rest_route=\/wp\/v2\/types\/post"}],"author":[{"embeddable":true,"href":"https:\/\/elluchador.info\/index.php?rest_route=\/wp\/v2\/users\/33"}],"replies":[{"embeddable":true,"href":"https:\/\/elluchador.info\/index.php?rest_route=%2Fwp%2Fv2%2Fcomments&post=298395"}],"version-history":[{"count":1,"href":"https:\/\/elluchador.info\/index.php?rest_route=\/wp\/v2\/posts\/298395\/revisions"}],"predecessor-version":[{"id":298397,"href":"https:\/\/elluchador.info\/index.php?rest_route=\/wp\/v2\/posts\/298395\/revisions\/298397"}],"wp:featuredmedia":[{"embeddable":true,"href":"https:\/\/elluchador.info\/index.php?rest_route=\/wp\/v2\/media\/298396"}],"wp:attachment":[{"href":"https:\/\/elluchador.info\/index.php?rest_route=%2Fwp%2Fv2%2Fmedia&parent=298395"}],"wp:term":[{"taxonomy":"category","embeddable":true,"href":"https:\/\/elluchador.info\/index.php?rest_route=%2Fwp%2Fv2%2Fcategories&post=298395"},{"taxonomy":"post_tag","embeddable":true,"href":"https:\/\/elluchador.info\/index.php?rest_route=%2Fwp%2Fv2%2Ftags&post=298395"}],"curies":[{"name":"wp","href":"https:\/\/api.w.org\/{rel}","templated":true}]}}