{"id":300448,"date":"2026-01-21T19:22:58","date_gmt":"2026-01-21T23:22:58","guid":{"rendered":"https:\/\/elluchador.info\/?p=300448"},"modified":"2026-01-21T19:23:01","modified_gmt":"2026-01-21T23:23:01","slug":"cesar-farias-asumio-la-direccion-tecnica-del-barcelona-de-guayaquil","status":"publish","type":"post","link":"https:\/\/elluchador.info\/?p=300448","title":{"rendered":"C\u00e9sar Far\u00edas asumi\u00f3 la direcci\u00f3n t\u00e9cnica del Barcelona de Guayaquil"},"content":{"rendered":"\n<p>El venezolano C\u00e9sar Far\u00edas asumi\u00f3 como t\u00e9cnico del Barcelona ecuatoriano y afirm\u00f3 que lleg\u00f3 con la mejor energ\u00eda para dirigir al que considera un \u00abgigante de Am\u00e9rica\u00bb.<\/p>\n\n\n\n<p>Far\u00edas debutar\u00e1 con el equipo de Guayaquil este jueves en un partido amistoso contra Universidad Cat\u00f3lica, que hace parte de la pretemporada 2026 con miras a la participaci\u00f3n en la Copa Libertadores y los torneos locales.<\/p>\n\n\n\n<p>El exseleccionador de Venezuela y Bolivia precis\u00f3 que su vinculaci\u00f3n con Barcelona \u00abno es un paso cualquiera, es una responsabilidad con la historia de este gigante de Am\u00e9rica\u00bb, y a\u00f1adi\u00f3 que se \u00absiente honrado\u00bb y llega \u00abcon la mejor energ\u00eda\u00bb.<\/p>\n\n\n\n<p>Far\u00edas asever\u00f3 \u00abhaber seguido a Barcelona\u00bb desde la final de la Copa Libertadores de 1998 contra el Vasco Da Gama, \u00abpues en esa \u00e9poca me preparaba en Brasil\u00bb.<\/p>\n\n\n\n<p>Tambi\u00e9n record\u00f3 la final de la Liga Pro 2022 que le gan\u00f3 con el Aucas. \u00abJugamos la final en su estadio, en la zona t\u00e9cnica contraria y ahora podr\u00e9 estar del otro lado, con el aliento de la hinchada, que se convertir\u00e1 en un jugador m\u00e1s\u00bb.<\/p>\n\n\n\n<p>El entrenador de 52 a\u00f1os dijo que \u00abfelizmente\u00bb siempre le ha ido bien dirigiendo a equipos que usan el color amarillo: \u00abMe fue bien con el T\u00e1chira y Anzo\u00e1tegui (Venezuela), The Strongest (Bolivia), con el Aucas de Ecuador (otorg\u00e1ndole el hist\u00f3rico primer t\u00edtulo ecuatoriano) y ahora espero que con Barcelona\u00bb.<\/p>\n\n\n\n<p>Barcelona, el m\u00e1ximo ganador de t\u00edtulos en Ecuador con 16, contrat\u00f3 al defensa paraguayo Javier B\u00e1ez, al centrocampista argentino Tom\u00e1s Mart\u00ednez, al atacante uruguayo Sergio N\u00fa\u00f1ez y baraja otras opciones de refuerzos, a pesar de la crisis econ\u00f3mica con la que cerr\u00f3 la temporada pasada.<\/p>\n\n\n\n<p>Con informaci\u00f3n <strong><em>Agencias<\/em><\/strong>.-<\/p>\n","protected":false},"excerpt":{"rendered":"<p>El venezolano C\u00e9sar Far\u00edas asumi\u00f3 como t\u00e9cnico del Barcelona ecuatoriano y afirm\u00f3 que lleg\u00f3 con la mejor energ\u00eda para dirigir al que considera un \u00abgigante de Am\u00e9rica\u00bb. Far\u00edas debutar\u00e1 con el equipo de Guayaquil este jueves en un partido amistoso contra Universidad Cat\u00f3lica, que hace parte de la pretemporada 2026 con miras a la participaci\u00f3n [&hellip;]<\/p>\n","protected":false},"author":33,"featured_media":300449,"comment_status":"closed","ping_status":"closed","sticky":false,"template":"","format":"standard","meta":{"footnotes":""},"categories":[4],"tags":[397,6436],"class_list":{"0":"post-300448","1":"post","2":"type-post","3":"status-publish","4":"format-standard","5":"has-post-thumbnail","7":"category-deportes","8":"tag-colombia","9":"tag-farias"},"_links":{"self":[{"href":"https:\/\/elluchador.info\/index.php?rest_route=\/wp\/v2\/posts\/300448","targetHints":{"allow":["GET"]}}],"collection":[{"href":"https:\/\/elluchador.info\/index.php?rest_route=\/wp\/v2\/posts"}],"about":[{"href":"https:\/\/elluchador.info\/index.php?rest_route=\/wp\/v2\/types\/post"}],"author":[{"embeddable":true,"href":"https:\/\/elluchador.info\/index.php?rest_route=\/wp\/v2\/users\/33"}],"replies":[{"embeddable":true,"href":"https:\/\/elluchador.info\/index.php?rest_route=%2Fwp%2Fv2%2Fcomments&post=300448"}],"version-history":[{"count":1,"href":"https:\/\/elluchador.info\/index.php?rest_route=\/wp\/v2\/posts\/300448\/revisions"}],"predecessor-version":[{"id":300450,"href":"https:\/\/elluchador.info\/index.php?rest_route=\/wp\/v2\/posts\/300448\/revisions\/300450"}],"wp:featuredmedia":[{"embeddable":true,"href":"https:\/\/elluchador.info\/index.php?rest_route=\/wp\/v2\/media\/300449"}],"wp:attachment":[{"href":"https:\/\/elluchador.info\/index.php?rest_route=%2Fwp%2Fv2%2Fmedia&parent=300448"}],"wp:term":[{"taxonomy":"category","embeddable":true,"href":"https:\/\/elluchador.info\/index.php?rest_route=%2Fwp%2Fv2%2Fcategories&post=300448"},{"taxonomy":"post_tag","embeddable":true,"href":"https:\/\/elluchador.info\/index.php?rest_route=%2Fwp%2Fv2%2Ftags&post=300448"}],"curies":[{"name":"wp","href":"https:\/\/api.w.org\/{rel}","templated":true}]}}