{"id":300451,"date":"2026-01-21T19:38:21","date_gmt":"2026-01-21T23:38:21","guid":{"rendered":"https:\/\/elluchador.info\/?p=300451"},"modified":"2026-01-21T19:38:25","modified_gmt":"2026-01-21T23:38:25","slug":"designados-nuevos-integrante-del-consejo-federal-de-gobierno-2026","status":"publish","type":"post","link":"https:\/\/elluchador.info\/?p=300451","title":{"rendered":"Designados nuevos integrante del Consejo Federal de Gobierno 2026"},"content":{"rendered":"\n<p>Este mi\u00e9rcoles fueron designadas las personas que integrar\u00e1n la Secretar\u00eda del Consejo Federal de Gobierno correspondiente al ejercicio del a\u00f1o 2026, con el prop\u00f3sito de avanzar en la organizaci\u00f3n operativa y garantizar el cumplimiento de las l\u00edneas estrat\u00e9gicas orientadas al desarrollo territorial y al bienestar del pueblo venezolano.<\/p>\n\n\n\n<p>El anunci\u00f3 fue hecho por la presidenta encargada de Venezuela,&nbsp;<strong>Delcy Rodr\u00edguez,&nbsp;<\/strong>durante la primera sesi\u00f3n del a\u00f1o 2026 de la instancia, realizada en la Plaza Bicentenario del Palacio de Miraflores, en Caracas. &nbsp;<\/p>\n\n\n\n<p>En representaci\u00f3n de los ministros del gabinete, anunci\u00f3 al vicepresidente sectorial de Obras P\u00fablicas y Servicios,&nbsp;<strong>Jorge M\u00e1rquez<\/strong>, junto a la reci\u00e9n nombrada titular de Salud,&nbsp;<strong>Nuramy Guti\u00e9rrez.<\/strong><\/p>\n\n\n\n<p>Por los gobernadores, estar\u00e1n el mandatario regional de la Guayana Esequiba,&nbsp;<strong>Neil Villamizar<\/strong>; el de Carabobo,&nbsp;<strong>Rafael Lacava<\/strong>&nbsp;y del estado Cojedes,&nbsp;<strong>Jos\u00e9 Alberto Gal\u00edndez.<\/strong><\/p>\n\n\n\n<p>Por las alcald\u00edas, estar\u00e1 la alcaldesa de Caracas,&nbsp;<strong>Carmen Teresa Mel\u00e9ndez,&nbsp;<\/strong>el de Chacao,&nbsp;<strong>Gustavo Duque&nbsp;<\/strong>y la mandataria municipal de Barcelona<strong>, Sugey Herrera.<\/strong><\/p>\n\n\n\n<p>\u201cAs\u00ed que pido que, esta misma semana, se puede instalar la Secretar\u00eda del Consejo Federal de Gobierno\u201c, coment\u00f3 la presidenta encargada, para cerrar y despedir la actividad.<\/p>\n\n\n\n<p>Con informaci\u00f3n <strong>AVN<\/strong><\/p>\n","protected":false},"excerpt":{"rendered":"<p>Este mi\u00e9rcoles fueron designadas las personas que integrar\u00e1n la Secretar\u00eda del Consejo Federal de Gobierno correspondiente al ejercicio del a\u00f1o 2026, con el prop\u00f3sito de avanzar en la organizaci\u00f3n operativa y garantizar el cumplimiento de las l\u00edneas estrat\u00e9gicas orientadas al desarrollo territorial y al bienestar del pueblo venezolano. El anunci\u00f3 fue hecho por la presidenta [&hellip;]<\/p>\n","protected":false},"author":33,"featured_media":300452,"comment_status":"closed","ping_status":"closed","sticky":false,"template":"","format":"standard","meta":{"footnotes":""},"categories":[5,9],"tags":[2930,105],"class_list":{"0":"post-300451","1":"post","2":"type-post","3":"status-publish","4":"format-standard","5":"has-post-thumbnail","7":"category-destacado","8":"category-nacionales","9":"tag-consejo-federal-de-gobierno","10":"tag-venezuela"},"_links":{"self":[{"href":"https:\/\/elluchador.info\/index.php?rest_route=\/wp\/v2\/posts\/300451","targetHints":{"allow":["GET"]}}],"collection":[{"href":"https:\/\/elluchador.info\/index.php?rest_route=\/wp\/v2\/posts"}],"about":[{"href":"https:\/\/elluchador.info\/index.php?rest_route=\/wp\/v2\/types\/post"}],"author":[{"embeddable":true,"href":"https:\/\/elluchador.info\/index.php?rest_route=\/wp\/v2\/users\/33"}],"replies":[{"embeddable":true,"href":"https:\/\/elluchador.info\/index.php?rest_route=%2Fwp%2Fv2%2Fcomments&post=300451"}],"version-history":[{"count":1,"href":"https:\/\/elluchador.info\/index.php?rest_route=\/wp\/v2\/posts\/300451\/revisions"}],"predecessor-version":[{"id":300453,"href":"https:\/\/elluchador.info\/index.php?rest_route=\/wp\/v2\/posts\/300451\/revisions\/300453"}],"wp:featuredmedia":[{"embeddable":true,"href":"https:\/\/elluchador.info\/index.php?rest_route=\/wp\/v2\/media\/300452"}],"wp:attachment":[{"href":"https:\/\/elluchador.info\/index.php?rest_route=%2Fwp%2Fv2%2Fmedia&parent=300451"}],"wp:term":[{"taxonomy":"category","embeddable":true,"href":"https:\/\/elluchador.info\/index.php?rest_route=%2Fwp%2Fv2%2Fcategories&post=300451"},{"taxonomy":"post_tag","embeddable":true,"href":"https:\/\/elluchador.info\/index.php?rest_route=%2Fwp%2Fv2%2Ftags&post=300451"}],"curies":[{"name":"wp","href":"https:\/\/api.w.org\/{rel}","templated":true}]}}