{"id":300606,"date":"2026-01-23T17:23:00","date_gmt":"2026-01-23T21:23:00","guid":{"rendered":"https:\/\/elluchador.info\/?p=300606"},"modified":"2026-01-23T17:10:49","modified_gmt":"2026-01-23T21:10:49","slug":"movimiento-por-la-paz-y-la-vida-en-bolivar-impulsa-la-proyeccion-de-la-pelicula-de-yare-a-miraflores-en-las-comunidades","status":"publish","type":"post","link":"https:\/\/elluchador.info\/?p=300606","title":{"rendered":"Movimiento por la Paz y la Vida en Bol\u00edvar impulsa la proyecci\u00f3n de la pel\u00edcula De Yare a Miraflores en las comunidades"},"content":{"rendered":"\n<p>Contin\u00faa el \u00e9xito del despliegue del ciclo de proyecciones del documental y serie \u00abNicol\u00e1s\u2026 De Yare a Miraflores\u00bb, una pel\u00edcula que narra el camino de los or\u00edgenes, y trayectoria del presidente Nicol\u00e1s Maduro, desde sus primeros pasos en la C\u00e1rcel de Yare, lugar donde conoci\u00f3 al Comandante Hugo Ch\u00e1vez Fr\u00edas, hasta su llegada al Palacio de Miraflores como el nuevo mandatario nacional.<\/p>\n\n\n\n<p>La actividad estuvo enmarcada en un plan de trabajo que viene realizando el Movimiento por la Paz y la Vida, bajo la tutela de la presidenta encargada de Venezuela Delcy Rodr\u00edguez, el Alto Comisionado Alexander \u00abMimou\u00bb Vargas, la gobernadora del estado Yulisbeth Garc\u00eda y el alcalde de Angostura del Orinoco, Sergio Hern\u00e1ndez, dicho encuentro cultural se llev\u00f3 a cabo en la EBN Mercedes Vargas, ubicada en la 12 de octubre del barrio Brisas del Orinoco, parroquia La Sabanita. <\/p>\n\n\n\n<p>M\u00e1s que una simple exhibici\u00f3n cinematogr\u00e1fica, estas jornadas se han convertido en una forma de reflexi\u00f3n de las luchas de los a\u00f1os 90 y el actual panorama pol\u00edtico latinoamericano, tambi\u00e9n sirve para enviar un mensaje por liberaci\u00f3n de la pareja presidencial, secuestrada por los Estados Unidos, el pasado 3 de enero del 2026.<\/p>\n\n\n\n<p>Isa\u00edas L\u00f3pez, vocero de contralor\u00eda del Consejo Comunal Fe y Alegr\u00eda Chaguramal, y miembro de la Sala de Autogobierno de la Comuna Socialista Comuna o Nada, expres\u00f3 que \u00abno solo es ver una pel\u00edcula sino hacer memoria hist\u00f3rica de la vida y obra de nuestro presidente Nicol\u00e1s Maduro y la primera dama Cilia Flores, as\u00ed como todo lo que ha ocurrido en el pasado con la izquierda venezolano en el pa\u00eds\u00bb.<\/p>\n\n\n\n<p>Finalmente Gustavo Acosta, coordinador municipal del Movimiento por la Paz y la Vida, hizo una invitaci\u00f3n a todas las comunidades a sumarse a las pr\u00f3ximas funciones que se estar\u00e1n realizando en los distintos sectores de Ciudad Bol\u00edvar.<\/p>\n\n\n\n<p>Con informaci\u00f3n de <strong>Prensa Movimiento por la Paz y la Vida Bol\u00edvar<\/strong><\/p>\n\n\n\n<p><\/p>\n","protected":false},"excerpt":{"rendered":"<p>Contin\u00faa el \u00e9xito del despliegue del ciclo de proyecciones del documental y serie \u00abNicol\u00e1s\u2026 De Yare a Miraflores\u00bb, una pel\u00edcula que narra el camino de los or\u00edgenes, y trayectoria del presidente Nicol\u00e1s Maduro, desde sus primeros pasos en la C\u00e1rcel de Yare, lugar donde conoci\u00f3 al Comandante Hugo Ch\u00e1vez Fr\u00edas, hasta su llegada al Palacio [&hellip;]<\/p>\n","protected":false},"author":38,"featured_media":300607,"comment_status":"closed","ping_status":"closed","sticky":false,"template":"","format":"standard","meta":{"footnotes":""},"categories":[11],"tags":[185,105],"class_list":{"0":"post-300606","1":"post","2":"type-post","3":"status-publish","4":"format-standard","5":"has-post-thumbnail","7":"category-politica","8":"tag-bolivar","9":"tag-venezuela"},"_links":{"self":[{"href":"https:\/\/elluchador.info\/index.php?rest_route=\/wp\/v2\/posts\/300606","targetHints":{"allow":["GET"]}}],"collection":[{"href":"https:\/\/elluchador.info\/index.php?rest_route=\/wp\/v2\/posts"}],"about":[{"href":"https:\/\/elluchador.info\/index.php?rest_route=\/wp\/v2\/types\/post"}],"author":[{"embeddable":true,"href":"https:\/\/elluchador.info\/index.php?rest_route=\/wp\/v2\/users\/38"}],"replies":[{"embeddable":true,"href":"https:\/\/elluchador.info\/index.php?rest_route=%2Fwp%2Fv2%2Fcomments&post=300606"}],"version-history":[{"count":1,"href":"https:\/\/elluchador.info\/index.php?rest_route=\/wp\/v2\/posts\/300606\/revisions"}],"predecessor-version":[{"id":300608,"href":"https:\/\/elluchador.info\/index.php?rest_route=\/wp\/v2\/posts\/300606\/revisions\/300608"}],"wp:featuredmedia":[{"embeddable":true,"href":"https:\/\/elluchador.info\/index.php?rest_route=\/wp\/v2\/media\/300607"}],"wp:attachment":[{"href":"https:\/\/elluchador.info\/index.php?rest_route=%2Fwp%2Fv2%2Fmedia&parent=300606"}],"wp:term":[{"taxonomy":"category","embeddable":true,"href":"https:\/\/elluchador.info\/index.php?rest_route=%2Fwp%2Fv2%2Fcategories&post=300606"},{"taxonomy":"post_tag","embeddable":true,"href":"https:\/\/elluchador.info\/index.php?rest_route=%2Fwp%2Fv2%2Ftags&post=300606"}],"curies":[{"name":"wp","href":"https:\/\/api.w.org\/{rel}","templated":true}]}}