{"id":300620,"date":"2026-01-23T19:20:00","date_gmt":"2026-01-23T23:20:00","guid":{"rendered":"https:\/\/elluchador.info\/?p=300620"},"modified":"2026-01-23T19:15:11","modified_gmt":"2026-01-23T23:15:11","slug":"gobierno-anuncia-plan-de-100-dias-para-la-convivencia-y-la-paz-contra-el-odio-y-la-violencia","status":"publish","type":"post","link":"https:\/\/elluchador.info\/?p=300620","title":{"rendered":"Gobierno anuncia Plan de 100 D\u00edas para la Convivencia y la Paz contra el odio y la violencia"},"content":{"rendered":"\n<p>En el marco de la conmemoraci\u00f3n del 68\u00b0 aniversario del 23 de enero de 1958, la presidenta encargada de la Rep\u00fablica, Delcy Rodr\u00edguez, anunci\u00f3 este viernes el lanzamiento de un Plan Estrat\u00e9gico de 100 D\u00edas destinado a fortalecer la convivencia ciudadana y erradicar la incubaci\u00f3n del odio y la violencia en el pa\u00eds.<\/p>\n\n\n\n<p>\u200bDesde el Sal\u00f3n Sol del Per\u00fa en el Palacio de Miraflores, durante un encuentro con los integrantes del Consejo de Convivencia y Paz, la mandataria explic\u00f3 que la prioridad inmediata de este programa ser\u00e1 la ejecuci\u00f3n de un diagn\u00f3stico profundo sobre las tensiones actuales.<\/p>\n\n\n\n<p>\u200b\u201cLos primeros 100 d\u00edas de este plan tendr\u00e1n como primera tarea el mapeo de la violencia y el odio pol\u00edtico, econ\u00f3mico y social en Venezuela\u201d, inform\u00f3 Rodr\u00edguez ante los titulares de diversos ministerios y entes vinculados al \u00e1rea social y de seguridad.<\/p>\n\n\n\n<p><strong>\u200bMapeo y justicia vecinal<\/strong><br>\u200bRodr\u00edguez enfatiz\u00f3 la importancia de realizar un \u00abarqueo\u00bb o revisi\u00f3n exhaustiva de la situaci\u00f3n territorial para identificar los focos de conflicto y transformarlos en espacios de armon\u00eda.<\/p>\n\n\n\n<p>El objetivo central es verificar c\u00f3mo las comunidades pueden alcanzar una estabilidad duradera mediante mecanismos de justicia vecinal y popular.<\/p>\n\n\n\n<p><strong>\u200bEl consenso nacional por la paz<\/strong><br>\u200bComo respaldo a esta iniciativa, la presidenta encargada present\u00f3 datos de una reciente encuesta de la ONU, la cual revela que el 85 % de los venezolanos prefiere llegar a alianzas internas de manera soberana antes que mantener escenarios de confrontaci\u00f3n.<\/p>\n\n\n\n<p>\u200b\u201cNosotros estamos tomando ese punto como un destino com\u00fan: la convivencia democr\u00e1tica y la paz\u201d, afirm\u00f3, vinculando el deseo actual de estabilidad con las luchas hist\u00f3ricas del pueblo venezolano por su libertad.<\/p>\n\n\n\n<p><strong>\u200bSuperaci\u00f3n de las heridas sociales<\/strong><br>\u200bLa mandataria no omiti\u00f3 el contexto de dificultad que atraviesa la naci\u00f3n, se\u00f1alando que el plan busca sanar las consecuencias del bloqueo financiero.<br>\u200b<br>Se destac\u00f3 que Venezuela enfrenta desde 2015 medidas coercitivas unilaterales sin precedentes. De igual forma, Rodr\u00edguez reconoci\u00f3 que estas sanciones han generado \u00abheridas sociales importantes\u00bb que el nuevo plan de 100 d\u00edas pretende abordar mediante el di\u00e1logo y la atenci\u00f3n directa.<\/p>\n\n\n\n<p>\u200bEl encuentro concluy\u00f3 con el compromiso de las autoridades presentes de desplegarse de inmediato para iniciar el levantamiento de informaci\u00f3n y garantizar que este plan se convierta en un escudo contra la violencia pol\u00edtica y social.<\/p>\n\n\n\n<p>Con informaci\u00f3n de <strong>agencias<\/strong> \u200b<\/p>\n\n\n\n<p><\/p>\n","protected":false},"excerpt":{"rendered":"<p>En el marco de la conmemoraci\u00f3n del 68\u00b0 aniversario del 23 de enero de 1958, la presidenta encargada de la Rep\u00fablica, Delcy Rodr\u00edguez, anunci\u00f3 este viernes el lanzamiento de un Plan Estrat\u00e9gico de 100 D\u00edas destinado a fortalecer la convivencia ciudadana y erradicar la incubaci\u00f3n del odio y la violencia en el pa\u00eds. \u200bDesde el [&hellip;]<\/p>\n","protected":false},"author":38,"featured_media":300621,"comment_status":"closed","ping_status":"closed","sticky":false,"template":"","format":"standard","meta":{"footnotes":""},"categories":[5,9],"tags":[105],"class_list":{"0":"post-300620","1":"post","2":"type-post","3":"status-publish","4":"format-standard","5":"has-post-thumbnail","7":"category-destacado","8":"category-nacionales","9":"tag-venezuela"},"_links":{"self":[{"href":"https:\/\/elluchador.info\/index.php?rest_route=\/wp\/v2\/posts\/300620","targetHints":{"allow":["GET"]}}],"collection":[{"href":"https:\/\/elluchador.info\/index.php?rest_route=\/wp\/v2\/posts"}],"about":[{"href":"https:\/\/elluchador.info\/index.php?rest_route=\/wp\/v2\/types\/post"}],"author":[{"embeddable":true,"href":"https:\/\/elluchador.info\/index.php?rest_route=\/wp\/v2\/users\/38"}],"replies":[{"embeddable":true,"href":"https:\/\/elluchador.info\/index.php?rest_route=%2Fwp%2Fv2%2Fcomments&post=300620"}],"version-history":[{"count":1,"href":"https:\/\/elluchador.info\/index.php?rest_route=\/wp\/v2\/posts\/300620\/revisions"}],"predecessor-version":[{"id":300622,"href":"https:\/\/elluchador.info\/index.php?rest_route=\/wp\/v2\/posts\/300620\/revisions\/300622"}],"wp:featuredmedia":[{"embeddable":true,"href":"https:\/\/elluchador.info\/index.php?rest_route=\/wp\/v2\/media\/300621"}],"wp:attachment":[{"href":"https:\/\/elluchador.info\/index.php?rest_route=%2Fwp%2Fv2%2Fmedia&parent=300620"}],"wp:term":[{"taxonomy":"category","embeddable":true,"href":"https:\/\/elluchador.info\/index.php?rest_route=%2Fwp%2Fv2%2Fcategories&post=300620"},{"taxonomy":"post_tag","embeddable":true,"href":"https:\/\/elluchador.info\/index.php?rest_route=%2Fwp%2Fv2%2Ftags&post=300620"}],"curies":[{"name":"wp","href":"https:\/\/api.w.org\/{rel}","templated":true}]}}