{"id":300721,"date":"2026-01-25T12:10:00","date_gmt":"2026-01-25T16:10:00","guid":{"rendered":"https:\/\/elluchador.info\/?p=300721"},"modified":"2026-01-25T12:08:09","modified_gmt":"2026-01-25T16:08:09","slug":"guillermo-davila-rompe-el-silencio-tras-las-declaraciones-de-su-hija-marielena-davila","status":"publish","type":"post","link":"https:\/\/elluchador.info\/?p=300721","title":{"rendered":"Guillermo D\u00e1vila rompe el silencio tras las declaraciones de su hija Marielena D\u00e1vila"},"content":{"rendered":"\n<p>Tras a\u00f1os de distanciamiento y una reciente ola de comentarios en redes sociales, el reconocido cantante y actor venezolano Guillermo D\u00e1vila ha emitido un comunicado oficial en respuesta a las recientes declaraciones de su hija, la creadora de contenido Marielena D\u00e1vila.<\/p>\n\n\n\n<p>\u200bLa controversia se reaviv\u00f3 el pasado viernes 23 de enero, cuando Marielena D\u00e1vila (hija de la presentadora Chiquinquir\u00e1 Delgado) comparti\u00f3 una carta abierta a trav\u00e9s de People en Espa\u00f1ol. En el texto, la joven detallaba la prolongada ausencia de su progenitor, asegurando que ella intent\u00f3 acercarse en m\u00faltiples ocasiones sin recibir respuesta. Marielena tambi\u00e9n aclar\u00f3 que el distanciamiento no guardaba relaci\u00f3n con el pol\u00e9mico caso del hijo no reconocido del cantante en Per\u00fa, desmintiendo as\u00ed rumores de larga data.<\/p>\n\n\n\n<p><strong>\u200bLa postura del \u00ab\u00cddolo de una Generaci\u00f3n\u00bb<\/strong><br>\u200bAnte el impacto medi\u00e1tico de estas palabras, el int\u00e9rprete de \u00abSolo pienso en ti\u00bb y protagonista de \u00abLigia Elena\u00bb decidi\u00f3 romper su silencio con una carta propia para aclarar su versi\u00f3n de los hechos.<\/p>\n\n\n\n<p>\u200bD\u00e1vila manifest\u00f3 su sorpresa y pesar al enterarse de los sentimientos de su hija a trav\u00e9s de los medios de comunicaci\u00f3n. En su defensa, el artista sostuvo que \u00e9l tambi\u00e9n intent\u00f3 establecer puentes de comunicaci\u00f3n que, seg\u00fan su versi\u00f3n, no fueron bien recibidos en su momento.<\/p>\n\n\n\n<p>\u200b\u201cOpt\u00e9 por dejar de insistir y respetar ese espacio. Mi silencio no fue indiferencia, sino respeto. Existieron v\u00edas, solo deseo enviar el mensaje de no guardar rencor y de que no olvido los momentos buenos\u201d, expres\u00f3 el cantante en el comunicado.<\/p>\n\n\n\n<p>\u200b<strong>Disposici\u00f3n al di\u00e1logo<\/strong><br>\u200bFinalmente, Guillermo D\u00e1vila subray\u00f3 que, a pesar de los a\u00f1os de desconexi\u00f3n y las versiones encontradas, mantiene la puerta abierta para una reconciliaci\u00f3n privada y genuina. \u201cMantengo la disposici\u00f3n de conversar cuando llegue el momento\u201d, concluy\u00f3, apelando a la paz familiar y al cese de las hostilidades p\u00fablicas.<\/p>\n\n\n\n<p>\u200bCon informaci\u00f3n de <strong>agencias<\/strong><\/p>\n\n\n\n<p><\/p>\n","protected":false},"excerpt":{"rendered":"<p>Tras a\u00f1os de distanciamiento y una reciente ola de comentarios en redes sociales, el reconocido cantante y actor venezolano Guillermo D\u00e1vila ha emitido un comunicado oficial en respuesta a las recientes declaraciones de su hija, la creadora de contenido Marielena D\u00e1vila. \u200bLa controversia se reaviv\u00f3 el pasado viernes 23 de enero, cuando Marielena D\u00e1vila (hija [&hellip;]<\/p>\n","protected":false},"author":38,"featured_media":300722,"comment_status":"closed","ping_status":"closed","sticky":false,"template":"","format":"standard","meta":{"footnotes":""},"categories":[7],"tags":[448,105],"class_list":{"0":"post-300721","1":"post","2":"type-post","3":"status-publish","4":"format-standard","5":"has-post-thumbnail","7":"category-entretenimiento","8":"tag-mundo","9":"tag-venezuela"},"_links":{"self":[{"href":"https:\/\/elluchador.info\/index.php?rest_route=\/wp\/v2\/posts\/300721","targetHints":{"allow":["GET"]}}],"collection":[{"href":"https:\/\/elluchador.info\/index.php?rest_route=\/wp\/v2\/posts"}],"about":[{"href":"https:\/\/elluchador.info\/index.php?rest_route=\/wp\/v2\/types\/post"}],"author":[{"embeddable":true,"href":"https:\/\/elluchador.info\/index.php?rest_route=\/wp\/v2\/users\/38"}],"replies":[{"embeddable":true,"href":"https:\/\/elluchador.info\/index.php?rest_route=%2Fwp%2Fv2%2Fcomments&post=300721"}],"version-history":[{"count":1,"href":"https:\/\/elluchador.info\/index.php?rest_route=\/wp\/v2\/posts\/300721\/revisions"}],"predecessor-version":[{"id":300723,"href":"https:\/\/elluchador.info\/index.php?rest_route=\/wp\/v2\/posts\/300721\/revisions\/300723"}],"wp:featuredmedia":[{"embeddable":true,"href":"https:\/\/elluchador.info\/index.php?rest_route=\/wp\/v2\/media\/300722"}],"wp:attachment":[{"href":"https:\/\/elluchador.info\/index.php?rest_route=%2Fwp%2Fv2%2Fmedia&parent=300721"}],"wp:term":[{"taxonomy":"category","embeddable":true,"href":"https:\/\/elluchador.info\/index.php?rest_route=%2Fwp%2Fv2%2Fcategories&post=300721"},{"taxonomy":"post_tag","embeddable":true,"href":"https:\/\/elluchador.info\/index.php?rest_route=%2Fwp%2Fv2%2Ftags&post=300721"}],"curies":[{"name":"wp","href":"https:\/\/api.w.org\/{rel}","templated":true}]}}