{"id":300807,"date":"2026-01-26T16:20:11","date_gmt":"2026-01-26T20:20:11","guid":{"rendered":"https:\/\/elluchador.info\/?p=300807"},"modified":"2026-01-26T16:23:45","modified_gmt":"2026-01-26T20:23:45","slug":"arriban-128-connacionales-repatriados-desde-ee-uu","status":"publish","type":"post","link":"https:\/\/elluchador.info\/?p=300807","title":{"rendered":"Arriban al pa\u00eds 128 connacionales repatriados desde EE.UU."},"content":{"rendered":"\n<p>Este lunes 26 de enero, un grupo de 128 venezolanos lleg\u00f3 al Aeropuerto Internacional de Maiquet\u00eda Sim\u00f3n Bol\u00edvar, procedente de Phoenix, Arizona (Estados Unidos), en el vuelo N.\u00ba 103 de la Gran Misi\u00f3n Vuelta a la Patria operado por la Aerol\u00ednea Eastern Airlines (EAL8280), en el marco de la pol\u00edtica del Gobierno Bolivariano para garantizar el retorno seguro de sus ciudadanos.<\/p>\n\n\n\n<p>En este vuelo llegaron al territorio nacional 89 hombres, 22 mujeres, 2 adolescentes, 14 ni\u00f1os y 1 infante.<\/p>\n\n\n\n<figure class=\"wp-block-gallery has-nested-images columns-default is-cropped wp-block-gallery-1 is-layout-flex wp-block-gallery-is-layout-flex\">\n<figure class=\"wp-block-image size-large\"><img loading=\"lazy\" decoding=\"async\" width=\"1024\" height=\"683\" data-id=\"300808\" src=\"https:\/\/elluchador.info\/wp-content\/uploads\/2026\/01\/post-minjusticia_ve-jan-26-2026-1-1024x683.jpeg\" alt=\"\" class=\"wp-image-300808\" srcset=\"https:\/\/elluchador.info\/wp-content\/uploads\/2026\/01\/post-minjusticia_ve-jan-26-2026-1-1024x683.jpeg 1024w, https:\/\/elluchador.info\/wp-content\/uploads\/2026\/01\/post-minjusticia_ve-jan-26-2026-1-300x200.jpeg 300w, https:\/\/elluchador.info\/wp-content\/uploads\/2026\/01\/post-minjusticia_ve-jan-26-2026-1-768x512.jpeg 768w, https:\/\/elluchador.info\/wp-content\/uploads\/2026\/01\/post-minjusticia_ve-jan-26-2026-1-150x100.jpeg 150w, https:\/\/elluchador.info\/wp-content\/uploads\/2026\/01\/post-minjusticia_ve-jan-26-2026-1-696x464.jpeg 696w, https:\/\/elluchador.info\/wp-content\/uploads\/2026\/01\/post-minjusticia_ve-jan-26-2026-1-1068x712.jpeg 1068w, https:\/\/elluchador.info\/wp-content\/uploads\/2026\/01\/post-minjusticia_ve-jan-26-2026-1.jpeg 1440w\" sizes=\"auto, (max-width: 1024px) 100vw, 1024px\" \/><\/figure>\n\n\n\n<figure class=\"wp-block-image size-large\"><img loading=\"lazy\" decoding=\"async\" width=\"1024\" height=\"683\" data-id=\"300809\" src=\"https:\/\/elluchador.info\/wp-content\/uploads\/2026\/01\/post-minjusticia_ve-jan-26-2026-2-1024x683.jpeg\" alt=\"\" class=\"wp-image-300809\" srcset=\"https:\/\/elluchador.info\/wp-content\/uploads\/2026\/01\/post-minjusticia_ve-jan-26-2026-2-1024x683.jpeg 1024w, https:\/\/elluchador.info\/wp-content\/uploads\/2026\/01\/post-minjusticia_ve-jan-26-2026-2-300x200.jpeg 300w, https:\/\/elluchador.info\/wp-content\/uploads\/2026\/01\/post-minjusticia_ve-jan-26-2026-2-768x513.jpeg 768w, https:\/\/elluchador.info\/wp-content\/uploads\/2026\/01\/post-minjusticia_ve-jan-26-2026-2-150x100.jpeg 150w, https:\/\/elluchador.info\/wp-content\/uploads\/2026\/01\/post-minjusticia_ve-jan-26-2026-2-696x464.jpeg 696w, https:\/\/elluchador.info\/wp-content\/uploads\/2026\/01\/post-minjusticia_ve-jan-26-2026-2-1068x713.jpeg 1068w, https:\/\/elluchador.info\/wp-content\/uploads\/2026\/01\/post-minjusticia_ve-jan-26-2026-2.jpeg 1440w\" sizes=\"auto, (max-width: 1024px) 100vw, 1024px\" \/><\/figure>\n<\/figure>\n\n\n\n<p>Cada venezolano repatriado recibi\u00f3 un chequeo exhaustivo en materia de seguridad y salud, el Gobierno Bolivariano garantiz\u00f3 que se cumplieran todos los protocolos necesarios para proteger sus derechos humanos, brindando apoyo y protecci\u00f3n a cada uno de ellos.<\/p>\n\n\n\n<p>Con informaci\u00f3n <strong>AVN<\/strong><\/p>\n","protected":false},"excerpt":{"rendered":"<p>Este lunes 26 de enero, un grupo de 128 venezolanos lleg\u00f3 al Aeropuerto Internacional de Maiquet\u00eda Sim\u00f3n Bol\u00edvar, procedente de Phoenix, Arizona (Estados Unidos), en el vuelo N.\u00ba 103 de la Gran Misi\u00f3n Vuelta a la Patria operado por la Aerol\u00ednea Eastern Airlines (EAL8280), en el marco de la pol\u00edtica del Gobierno Bolivariano para garantizar [&hellip;]<\/p>\n","protected":false},"author":33,"featured_media":300810,"comment_status":"closed","ping_status":"closed","sticky":false,"template":"","format":"standard","meta":{"footnotes":""},"categories":[5,9],"tags":[6459,828],"class_list":{"0":"post-300807","1":"post","2":"type-post","3":"status-publish","4":"format-standard","5":"has-post-thumbnail","7":"category-destacado","8":"category-nacionales","9":"tag-retornos","10":"tag-vuelo"},"_links":{"self":[{"href":"https:\/\/elluchador.info\/index.php?rest_route=\/wp\/v2\/posts\/300807","targetHints":{"allow":["GET"]}}],"collection":[{"href":"https:\/\/elluchador.info\/index.php?rest_route=\/wp\/v2\/posts"}],"about":[{"href":"https:\/\/elluchador.info\/index.php?rest_route=\/wp\/v2\/types\/post"}],"author":[{"embeddable":true,"href":"https:\/\/elluchador.info\/index.php?rest_route=\/wp\/v2\/users\/33"}],"replies":[{"embeddable":true,"href":"https:\/\/elluchador.info\/index.php?rest_route=%2Fwp%2Fv2%2Fcomments&post=300807"}],"version-history":[{"count":2,"href":"https:\/\/elluchador.info\/index.php?rest_route=\/wp\/v2\/posts\/300807\/revisions"}],"predecessor-version":[{"id":300812,"href":"https:\/\/elluchador.info\/index.php?rest_route=\/wp\/v2\/posts\/300807\/revisions\/300812"}],"wp:featuredmedia":[{"embeddable":true,"href":"https:\/\/elluchador.info\/index.php?rest_route=\/wp\/v2\/media\/300810"}],"wp:attachment":[{"href":"https:\/\/elluchador.info\/index.php?rest_route=%2Fwp%2Fv2%2Fmedia&parent=300807"}],"wp:term":[{"taxonomy":"category","embeddable":true,"href":"https:\/\/elluchador.info\/index.php?rest_route=%2Fwp%2Fv2%2Fcategories&post=300807"},{"taxonomy":"post_tag","embeddable":true,"href":"https:\/\/elluchador.info\/index.php?rest_route=%2Fwp%2Fv2%2Ftags&post=300807"}],"curies":[{"name":"wp","href":"https:\/\/api.w.org\/{rel}","templated":true}]}}