{"id":300833,"date":"2026-01-27T08:45:33","date_gmt":"2026-01-27T12:45:33","guid":{"rendered":"https:\/\/elluchador.info\/?p=300833"},"modified":"2026-01-27T08:45:36","modified_gmt":"2026-01-27T12:45:36","slug":"india-y-la-ue-cerraron-un-acuerdo-de-libre-comercio","status":"publish","type":"post","link":"https:\/\/elluchador.info\/?p=300833","title":{"rendered":"India y la UE cerraron un acuerdo de libre comercio"},"content":{"rendered":"\n<p>La\u00a0India\u00a0y la\u00a0Uni\u00f3n Europea\u00a0cerraron este martes un acuerdo comercial, descrito por ambas potencias como hist\u00f3rico, que unir\u00e1 a la segunda y la cuarta econom\u00eda del mundo en un mercado sin precedentes de 2.000 millones de consumidores, tras 18 a\u00f1os de negociaciones.\u00a0<\/p>\n\n\n\n<p>Los parlamentos de la UE y de India a\u00fan deben aprobar el acuerdo, por lo que este demorar\u00e1 en ponerse en pr\u00e1ctica.<\/p>\n\n\n\n<p>\u00abEuropa y la India hacen historia hoy. Hemos cerrado el acuerdo m\u00e1s importante de todos. Hemos creado una zona de libre comercio para dos mil millones de personas, de la que ambas partes se beneficiar\u00e1n\u00bb, escribi\u00f3\u00a0\u00a0Ursula von der Leyen, presidenta de la\u00a0Comisi\u00f3n Europea, en su cuenta de X.\u00a0<\/p>\n\n\n\n<p>Los dirigentes de la UE y el primer ministro indio,\u00a0Narendra Modi, esperan que el acuerdo, que seg\u00fan Nueva Delhi se concluy\u00f3 el lunes, ayude a protegerse de los retos que plantean las dos principales econom\u00edas del mundo, Estados Unidos y China.<\/p>\n\n\n\n<p>\u00abLa gente en todo el mundo est\u00e1 hablando de este acuerdo como la\u00a0madre de todos los acuerdos\u00bb, dijo Modi el martes en la capital india, antes de reunirse con la presidenta de la Comisi\u00f3n Europea, Ursula von der Leyen, y el presidente del Consejo Europeo,\u00a0Ant\u00f3nio Costa.<\/p>\n\n\n\n<p>\u00abEste acuerdo traer\u00e1 muchas oportunidades para los 1.400 millones de habitantes de India y los muchos millones de personas de la UE\u00bb, afirm\u00f3 el primer ministro, al a\u00f1adir que el pacto \u00abrepresenta alrededor del 25 % del PIB mundial y un tercio del comercio mundial\u00bb.<\/p>\n\n\n\n<p>Con informaci\u00f3n <strong><em>Agencias<\/em><\/strong>.-<\/p>\n","protected":false},"excerpt":{"rendered":"<p>La\u00a0India\u00a0y la\u00a0Uni\u00f3n Europea\u00a0cerraron este martes un acuerdo comercial, descrito por ambas potencias como hist\u00f3rico, que unir\u00e1 a la segunda y la cuarta econom\u00eda del mundo en un mercado sin precedentes de 2.000 millones de consumidores, tras 18 a\u00f1os de negociaciones.\u00a0 Los parlamentos de la UE y de India a\u00fan deben aprobar el acuerdo, por lo [&hellip;]<\/p>\n","protected":false},"author":33,"featured_media":300834,"comment_status":"closed","ping_status":"closed","sticky":false,"template":"","format":"standard","meta":{"footnotes":""},"categories":[8],"tags":[3005,4387],"class_list":{"0":"post-300833","1":"post","2":"type-post","3":"status-publish","4":"format-standard","5":"has-post-thumbnail","7":"category-internacionales","8":"tag-acuerdos","9":"tag-comercial"},"_links":{"self":[{"href":"https:\/\/elluchador.info\/index.php?rest_route=\/wp\/v2\/posts\/300833","targetHints":{"allow":["GET"]}}],"collection":[{"href":"https:\/\/elluchador.info\/index.php?rest_route=\/wp\/v2\/posts"}],"about":[{"href":"https:\/\/elluchador.info\/index.php?rest_route=\/wp\/v2\/types\/post"}],"author":[{"embeddable":true,"href":"https:\/\/elluchador.info\/index.php?rest_route=\/wp\/v2\/users\/33"}],"replies":[{"embeddable":true,"href":"https:\/\/elluchador.info\/index.php?rest_route=%2Fwp%2Fv2%2Fcomments&post=300833"}],"version-history":[{"count":1,"href":"https:\/\/elluchador.info\/index.php?rest_route=\/wp\/v2\/posts\/300833\/revisions"}],"predecessor-version":[{"id":300835,"href":"https:\/\/elluchador.info\/index.php?rest_route=\/wp\/v2\/posts\/300833\/revisions\/300835"}],"wp:featuredmedia":[{"embeddable":true,"href":"https:\/\/elluchador.info\/index.php?rest_route=\/wp\/v2\/media\/300834"}],"wp:attachment":[{"href":"https:\/\/elluchador.info\/index.php?rest_route=%2Fwp%2Fv2%2Fmedia&parent=300833"}],"wp:term":[{"taxonomy":"category","embeddable":true,"href":"https:\/\/elluchador.info\/index.php?rest_route=%2Fwp%2Fv2%2Fcategories&post=300833"},{"taxonomy":"post_tag","embeddable":true,"href":"https:\/\/elluchador.info\/index.php?rest_route=%2Fwp%2Fv2%2Ftags&post=300833"}],"curies":[{"name":"wp","href":"https:\/\/api.w.org\/{rel}","templated":true}]}}