{"id":300853,"date":"2026-01-27T11:04:42","date_gmt":"2026-01-27T15:04:42","guid":{"rendered":"https:\/\/elluchador.info\/?p=300853"},"modified":"2026-01-27T11:04:45","modified_gmt":"2026-01-27T15:04:45","slug":"claman-por-agua-en-la-urbanizacion-el-peru","status":"publish","type":"post","link":"https:\/\/elluchador.info\/?p=300853","title":{"rendered":"Claman por agua en la urbanizaci\u00f3n El Per\u00fa"},"content":{"rendered":"\n<p>Desde hace varios a\u00f1os decenas de familias que hacen vida en los diferentes sectores de la urbanizaci\u00f3n El Per\u00fa, parroquia Agua Salada, padecen por la escasez de agua potable.<\/p>\n\n\n\n<p>Los afectados manifestaron que han realizado m\u00faltiples reportes a trav\u00e9s de los canales regulares, pero no han obtenido respuesta alguna hasta ahora. La problem\u00e1tica se ha agravado, obligando a decenas de familias a gastar hasta m\u00e1s de diez d\u00f3lares al mes para poder abastecerse del vital l\u00edquido, un gasto que representa un duro golpe para la econom\u00eda en el hogar.<\/p>\n\n\n\n<p>\u201cEstamos cansados de pasar tanta calamidad con el agua potable. Econ\u00f3micamente, pega en el bolsillo porque muchas veces no tenemos para comprar siquiera un tambor que la venden por encima de los 300 bol\u00edvares\u201d, expres\u00f3 Carmen M\u00e9ndez, habitante del lugar.<\/p>\n\n\n\n<p>En nombre de los afectados por esta situaci\u00f3n, M\u00e9ndez hizo un llamado a las autoridades competentes.\u201cEs muy triste la situaci\u00f3n que estamos viviendo. A veces no encontramos c\u00f3mo cocinar o c\u00f3mo asearnos. Pedimos, por favor, a quien le competa atienda a nuestra comunidad\u201d, concluy\u00f3. <\/p>\n\n\n\n<p><em><strong>Gledis Bonilla<\/strong><\/em><\/p>\n","protected":false},"excerpt":{"rendered":"<p>Desde hace varios a\u00f1os decenas de familias que hacen vida en los diferentes sectores de la urbanizaci\u00f3n El Per\u00fa, parroquia Agua Salada, padecen por la escasez de agua potable. Los afectados manifestaron que han realizado m\u00faltiples reportes a trav\u00e9s de los canales regulares, pero no han obtenido respuesta alguna hasta ahora. La problem\u00e1tica se ha [&hellip;]<\/p>\n","protected":false},"author":33,"featured_media":300854,"comment_status":"closed","ping_status":"closed","sticky":false,"template":"","format":"standard","meta":{"footnotes":""},"categories":[2],"tags":[185,306],"class_list":{"0":"post-300853","1":"post","2":"type-post","3":"status-publish","4":"format-standard","5":"has-post-thumbnail","7":"category-comunidad","8":"tag-bolivar","9":"tag-ciudad-bolivar"},"_links":{"self":[{"href":"https:\/\/elluchador.info\/index.php?rest_route=\/wp\/v2\/posts\/300853","targetHints":{"allow":["GET"]}}],"collection":[{"href":"https:\/\/elluchador.info\/index.php?rest_route=\/wp\/v2\/posts"}],"about":[{"href":"https:\/\/elluchador.info\/index.php?rest_route=\/wp\/v2\/types\/post"}],"author":[{"embeddable":true,"href":"https:\/\/elluchador.info\/index.php?rest_route=\/wp\/v2\/users\/33"}],"replies":[{"embeddable":true,"href":"https:\/\/elluchador.info\/index.php?rest_route=%2Fwp%2Fv2%2Fcomments&post=300853"}],"version-history":[{"count":1,"href":"https:\/\/elluchador.info\/index.php?rest_route=\/wp\/v2\/posts\/300853\/revisions"}],"predecessor-version":[{"id":300855,"href":"https:\/\/elluchador.info\/index.php?rest_route=\/wp\/v2\/posts\/300853\/revisions\/300855"}],"wp:featuredmedia":[{"embeddable":true,"href":"https:\/\/elluchador.info\/index.php?rest_route=\/wp\/v2\/media\/300854"}],"wp:attachment":[{"href":"https:\/\/elluchador.info\/index.php?rest_route=%2Fwp%2Fv2%2Fmedia&parent=300853"}],"wp:term":[{"taxonomy":"category","embeddable":true,"href":"https:\/\/elluchador.info\/index.php?rest_route=%2Fwp%2Fv2%2Fcategories&post=300853"},{"taxonomy":"post_tag","embeddable":true,"href":"https:\/\/elluchador.info\/index.php?rest_route=%2Fwp%2Fv2%2Ftags&post=300853"}],"curies":[{"name":"wp","href":"https:\/\/api.w.org\/{rel}","templated":true}]}}