{"id":300864,"date":"2026-01-27T13:40:34","date_gmt":"2026-01-27T17:40:34","guid":{"rendered":"https:\/\/elluchador.info\/?p=300864"},"modified":"2026-01-27T13:40:38","modified_gmt":"2026-01-27T17:40:38","slug":"captura-a-sujeto-por-explotacion-sexual-y-difusion-de-pornografia-infantil","status":"publish","type":"post","link":"https:\/\/elluchador.info\/?p=300864","title":{"rendered":"Captura a sujeto por explotaci\u00f3n sexual y difusi\u00f3n de pornograf\u00eda infantil"},"content":{"rendered":"\n<p>Funcionarios de la Divisi\u00f3n de Investigaciones de Trata de Personas del Cuerpo de Investigaciones Cient\u00edficas, Penales y Criminal\u00edsticas (Cicpc) lograron la captura de <strong><em>Jes\u00fas Rafael Echenique Mart\u00ednez<\/em><\/strong>, de 25 a\u00f1os de edad, vinculado a delitos de explotaci\u00f3n sexual y difusi\u00f3n de material pornogr\u00e1fico infantil.<\/p>\n\n\n\n<p>La aprehensi\u00f3n se llev\u00f3 a cabo en el sector Aeropuerto (Los Cascabeles), parroquia Urimare del municipio Vargas, luego de un exhaustivo trabajo de campo y an\u00e1lisis inform\u00e1tico. <\/p>\n\n\n\n<p>De acuerdo con las investigaciones pertinentes, Echenique utilizaba grupos en distintas redes sociales para contactar a sus v\u00edctimas, en su mayor\u00eda adolescentes. Mediante enga\u00f1os y manipulaci\u00f3n, el detenido solicitaba contenido multimedia de naturaleza sexual (fotograf\u00edas y videos), el cual era posteriormente comercializado para obtener beneficios econ\u00f3micos, vulnerando la integridad f\u00edsica y psicol\u00f3gica de las menores.<\/p>\n\n\n\n<p>Tras la detenci\u00f3n, se colectaron evidencias digitales que vinculan directamente al sospechoso con los hechos investigados. <\/p>\n\n\n\n<p>El caso ha sido remitido y puesto a la disposici\u00f3n del Ministerio P\u00fablico.<\/p>\n","protected":false},"excerpt":{"rendered":"<p>Funcionarios de la Divisi\u00f3n de Investigaciones de Trata de Personas del Cuerpo de Investigaciones Cient\u00edficas, Penales y Criminal\u00edsticas (Cicpc) lograron la captura de Jes\u00fas Rafael Echenique Mart\u00ednez, de 25 a\u00f1os de edad, vinculado a delitos de explotaci\u00f3n sexual y difusi\u00f3n de material pornogr\u00e1fico infantil. La aprehensi\u00f3n se llev\u00f3 a cabo en el sector Aeropuerto (Los [&hellip;]<\/p>\n","protected":false},"author":33,"featured_media":300865,"comment_status":"closed","ping_status":"closed","sticky":false,"template":"","format":"standard","meta":{"footnotes":""},"categories":[13],"tags":[1856,1454],"class_list":{"0":"post-300864","1":"post","2":"type-post","3":"status-publish","4":"format-standard","5":"has-post-thumbnail","7":"category-sucesos","8":"tag-detencion","9":"tag-pornografia"},"_links":{"self":[{"href":"https:\/\/elluchador.info\/index.php?rest_route=\/wp\/v2\/posts\/300864","targetHints":{"allow":["GET"]}}],"collection":[{"href":"https:\/\/elluchador.info\/index.php?rest_route=\/wp\/v2\/posts"}],"about":[{"href":"https:\/\/elluchador.info\/index.php?rest_route=\/wp\/v2\/types\/post"}],"author":[{"embeddable":true,"href":"https:\/\/elluchador.info\/index.php?rest_route=\/wp\/v2\/users\/33"}],"replies":[{"embeddable":true,"href":"https:\/\/elluchador.info\/index.php?rest_route=%2Fwp%2Fv2%2Fcomments&post=300864"}],"version-history":[{"count":1,"href":"https:\/\/elluchador.info\/index.php?rest_route=\/wp\/v2\/posts\/300864\/revisions"}],"predecessor-version":[{"id":300866,"href":"https:\/\/elluchador.info\/index.php?rest_route=\/wp\/v2\/posts\/300864\/revisions\/300866"}],"wp:featuredmedia":[{"embeddable":true,"href":"https:\/\/elluchador.info\/index.php?rest_route=\/wp\/v2\/media\/300865"}],"wp:attachment":[{"href":"https:\/\/elluchador.info\/index.php?rest_route=%2Fwp%2Fv2%2Fmedia&parent=300864"}],"wp:term":[{"taxonomy":"category","embeddable":true,"href":"https:\/\/elluchador.info\/index.php?rest_route=%2Fwp%2Fv2%2Fcategories&post=300864"},{"taxonomy":"post_tag","embeddable":true,"href":"https:\/\/elluchador.info\/index.php?rest_route=%2Fwp%2Fv2%2Ftags&post=300864"}],"curies":[{"name":"wp","href":"https:\/\/api.w.org\/{rel}","templated":true}]}}