{"id":300875,"date":"2026-01-27T14:22:15","date_gmt":"2026-01-27T18:22:15","guid":{"rendered":"https:\/\/elluchador.info\/?p=300875"},"modified":"2026-01-27T14:22:18","modified_gmt":"2026-01-27T18:22:18","slug":"asesino-a-hombre-en-silla-de-ruedas-por-una-deuda-de-250","status":"publish","type":"post","link":"https:\/\/elluchador.info\/?p=300875","title":{"rendered":"Asesin\u00f3 a hombre en silla de ruedas por una deuda de $250"},"content":{"rendered":"\n<p>Un sujeto identificado como <strong><em>Yeiderson Alexander P\u00e9rez Garc\u00eda<\/em><\/strong>, de 20 a\u00f1os, fue detenido por funcionarios del Cuerpo de Investigaciones Cient\u00edficas, Penales y Criminal\u00edsticas (Cicpc) en el municipio Palavecino, estado Lara, como presunto responsable del homicidio de un hombre con discapacidad por una deuda de 205 d\u00f3lares.<\/p>\n\n\n\n<p>Seg\u00fan inform\u00f3 el director del Cicpc, Douglas Rico, el detenido ingres\u00f3 por la parte trasera de la vivienda de la v\u00edctima, Reinaldo Javier Le\u00f3n Espinoza, de 35 a\u00f1os, quien se desplazaba en silla de ruedas, y le realiz\u00f3 varios disparos, caus\u00e1ndole la muerte de forma inmediata.<\/p>\n\n\n\n<p>Los organismos de seguridad establecieron que el detenido estar\u00eda vinculado con otros hechos violentos en la regi\u00f3n, entre ellos el homicidio de Jhonsen David Linarez, ocurrido el 9 de agosto de 2024, y las lesiones causadas a otro hombre el 19 de octubre del mismo a\u00f1o, bajo un modus operandi similar.<\/p>\n\n\n\n<p>Durante el procedimiento fue incautada un arma de fuego, presuntamente utilizada en estos y otros ataques sicariales. El caso qued\u00f3 a la orden del Ministerio P\u00fablico para las actuaciones legales correspondientes.<\/p>\n\n\n\n<p>Con informaci\u00f3n <strong><em>Medios Nacionales<\/em><\/strong><\/p>\n","protected":false},"excerpt":{"rendered":"<p>Un sujeto identificado como Yeiderson Alexander P\u00e9rez Garc\u00eda, de 20 a\u00f1os, fue detenido por funcionarios del Cuerpo de Investigaciones Cient\u00edficas, Penales y Criminal\u00edsticas (Cicpc) en el municipio Palavecino, estado Lara, como presunto responsable del homicidio de un hombre con discapacidad por una deuda de 205 d\u00f3lares. Seg\u00fan inform\u00f3 el director del Cicpc, Douglas Rico, el [&hellip;]<\/p>\n","protected":false},"author":33,"featured_media":300876,"comment_status":"closed","ping_status":"closed","sticky":false,"template":"","format":"standard","meta":{"footnotes":""},"categories":[13],"tags":[2125,4408],"class_list":{"0":"post-300875","1":"post","2":"type-post","3":"status-publish","4":"format-standard","5":"has-post-thumbnail","7":"category-sucesos","8":"tag-asesino","9":"tag-discapacidad"},"_links":{"self":[{"href":"https:\/\/elluchador.info\/index.php?rest_route=\/wp\/v2\/posts\/300875","targetHints":{"allow":["GET"]}}],"collection":[{"href":"https:\/\/elluchador.info\/index.php?rest_route=\/wp\/v2\/posts"}],"about":[{"href":"https:\/\/elluchador.info\/index.php?rest_route=\/wp\/v2\/types\/post"}],"author":[{"embeddable":true,"href":"https:\/\/elluchador.info\/index.php?rest_route=\/wp\/v2\/users\/33"}],"replies":[{"embeddable":true,"href":"https:\/\/elluchador.info\/index.php?rest_route=%2Fwp%2Fv2%2Fcomments&post=300875"}],"version-history":[{"count":1,"href":"https:\/\/elluchador.info\/index.php?rest_route=\/wp\/v2\/posts\/300875\/revisions"}],"predecessor-version":[{"id":300877,"href":"https:\/\/elluchador.info\/index.php?rest_route=\/wp\/v2\/posts\/300875\/revisions\/300877"}],"wp:featuredmedia":[{"embeddable":true,"href":"https:\/\/elluchador.info\/index.php?rest_route=\/wp\/v2\/media\/300876"}],"wp:attachment":[{"href":"https:\/\/elluchador.info\/index.php?rest_route=%2Fwp%2Fv2%2Fmedia&parent=300875"}],"wp:term":[{"taxonomy":"category","embeddable":true,"href":"https:\/\/elluchador.info\/index.php?rest_route=%2Fwp%2Fv2%2Fcategories&post=300875"},{"taxonomy":"post_tag","embeddable":true,"href":"https:\/\/elluchador.info\/index.php?rest_route=%2Fwp%2Fv2%2Ftags&post=300875"}],"curies":[{"name":"wp","href":"https:\/\/api.w.org\/{rel}","templated":true}]}}