{"id":300878,"date":"2026-01-27T14:46:24","date_gmt":"2026-01-27T18:46:24","guid":{"rendered":"https:\/\/elluchador.info\/?p=300878"},"modified":"2026-01-27T14:46:27","modified_gmt":"2026-01-27T18:46:27","slug":"opinion-la-manzanilla-sonni-felice","status":"publish","type":"post","link":"https:\/\/elluchador.info\/?p=300878","title":{"rendered":"Opini\u00f3n| La manzanilla: sonni felice"},"content":{"rendered":"\n<p><em><strong>Por: Francisco Delascio Chitty<\/strong><\/em><\/p>\n\n\n\n<p>A trav\u00e9s de mi ventana observaba como menguaba el crep\u00fasculo y continuaba haciendo gala la noche sin poder conciliar el sue\u00f1o, entonces evoque unas estrofas de Jorge Isaac (1837-1895): He so\u00f1ado feliz a tu morada\/ll\u00e9vame en alta noche amor vehemente\/\u2026sobre muelles cojines reclinada\/dormir fing\u00edas voluptuosamente. <\/p>\n\n\n\n<p>A pesar de ello, continuaba sin dormir y rememoro la Noche Triste de Hern\u00e1n Cort\u00e9s (30-07-1520) cuando llor\u00f3 su derrota frente a los aztecas durante su escape de Tacuba; el decreto Nacht und Nebel (Noche y Niebla), sistema nazi de exterminio de 1941; igualmente recuerdo a Edward Young (1683-1765) con su poema Las Noches (lamentos o pensamientos nocturnos sobre la vida, la muerte y la inmortalidad). <\/p>\n\n\n\n<p>A todo esto, le sumo el imaginarme que vivo en una ciudad limpia con todo los servicios b\u00e1sicos y p\u00fablicos eficientes, que las unidades educativas y \u00e1reas verdes est\u00e1n consolidadas cumpliendo con sus verdaderas funciones y habitada por aut\u00e9nticos ciudadanos. No obstante, continuaba insomne; a pesar de que dormir es un acto natural hoy d\u00eda por nuestra sofisticada y convulsionada forma de vida se hace pr\u00e1cticamente una acci\u00f3n meritoria en alcanzarlo con facilidad. <\/p>\n\n\n<div class=\"wp-block-image\">\n<figure class=\"aligncenter size-large is-resized\"><img loading=\"lazy\" decoding=\"async\" width=\"1024\" height=\"575\" src=\"https:\/\/elluchador.info\/wp-content\/uploads\/2026\/01\/3-1024x575.jpeg\" alt=\"\" class=\"wp-image-300879\" style=\"width:998px;height:auto\" srcset=\"https:\/\/elluchador.info\/wp-content\/uploads\/2026\/01\/3-1024x575.jpeg 1024w, https:\/\/elluchador.info\/wp-content\/uploads\/2026\/01\/3-300x169.jpeg 300w, https:\/\/elluchador.info\/wp-content\/uploads\/2026\/01\/3-768x431.jpeg 768w, https:\/\/elluchador.info\/wp-content\/uploads\/2026\/01\/3-150x84.jpeg 150w, https:\/\/elluchador.info\/wp-content\/uploads\/2026\/01\/3-696x391.jpeg 696w, https:\/\/elluchador.info\/wp-content\/uploads\/2026\/01\/3-1068x600.jpeg 1068w, https:\/\/elluchador.info\/wp-content\/uploads\/2026\/01\/3.jpeg 1280w\" sizes=\"auto, (max-width: 1024px) 100vw, 1024px\" \/><\/figure>\n<\/div>\n\n\n<p>El sue\u00f1o, del lat\u00edn somnus, es una reducci\u00f3n de la actividad el\u00e9ctrica de la corteza cerebral, un efecto recuperador sobre nuestro sistema nervioso, una perdida temporal del estado de conciencia, durante el cual se verifica una disminuci\u00f3n o suspensi\u00f3n del estado de vigilia. Para inducir el sue\u00f1o, hay diferentes p\u00f3cimas y una de ella es la \u201cmanzanilla o camomila\u201d. Llamada generalmente Matricaria chamomilla. <\/p>\n\n\n\n<p>El ep\u00edteto gen\u00e9rico proviene del lat\u00edn y griego matrix (vientre) y matro (madre) ya que se ha usado en la cura de trastornos femeninos; mientras que chamomilla es tambi\u00e9n palabra grecolatina y se traduce como manzana de tierra. Los egipcios la llamaban \u201chierba del sol\u201d por su semejanza a este astro y simbolizaba a Ra, dios solar. <\/p>\n\n\n\n<p>Es hierba anual arom\u00e1tica, hojas pinnadas, flores blancas y amarillas en cabezuelas de agradable olor, de hecho, por su grato perfume, los griegos la llamaban \u201cmiel de la tierra\u201d. Sus flores contienen un aceite esencial formado por \u00e1cidos salic\u00edlicos, antenico, colina, sustancias p\u00e9pticas, resinas, prote\u00ednas, azucares, vitamina C y apigenina, flavenoide relajante que disminuye el estr\u00e9s y ansiedad. Infusiones de sus flores se emplean como colirios, para lavar heridas, llagas y \u00falceras; enjuague de ella elimina la halitosis. <\/p>\n\n\n\n<p>Algunos usuarios, refieren la aplicaci\u00f3n de cataplasma de manzanilla contra dolores reum\u00e1ticos, torceduras y esguinces. La infusi\u00f3n de la misma sirve para lavar, darle brillo al pelo, aclararlo y evitar la caspa. Tambi\u00e9n se emplea como mascarilla en el rejuvenecimiento facial. Ba\u00f1os completos de manzanilla inducen a la relajaci\u00f3n, reducen la fatiga muscular y estr\u00e9s. <\/p>\n\n\n\n<p>La infusi\u00f3n de ella tomada oralmente, act\u00faa como estimulante g\u00e1strico contra los dolores menstruales, fiebres, insomnios, cefaleas, c\u00f3licos, acidez, flatulencias y el histerismo. As\u00ed mismo con la manzanilla se prepara un licor reportado como excelente afrodisiaco.<\/p>\n","protected":false},"excerpt":{"rendered":"<p>Por: Francisco Delascio Chitty A trav\u00e9s de mi ventana observaba como menguaba el crep\u00fasculo y continuaba haciendo gala la noche sin poder conciliar el sue\u00f1o, entonces evoque unas estrofas de Jorge Isaac (1837-1895): He so\u00f1ado feliz a tu morada\/ll\u00e9vame en alta noche amor vehemente\/\u2026sobre muelles cojines reclinada\/dormir fing\u00edas voluptuosamente. A pesar de ello, continuaba sin [&hellip;]<\/p>\n","protected":false},"author":2,"featured_media":274068,"comment_status":"closed","ping_status":"closed","sticky":false,"template":"","format":"standard","meta":{"footnotes":""},"categories":[10],"tags":[185,4773,306],"class_list":{"0":"post-300878","1":"post","2":"type-post","3":"status-publish","4":"format-standard","5":"has-post-thumbnail","7":"category-opinion","8":"tag-bolivar","9":"tag-botanica","10":"tag-ciudad-bolivar"},"_links":{"self":[{"href":"https:\/\/elluchador.info\/index.php?rest_route=\/wp\/v2\/posts\/300878","targetHints":{"allow":["GET"]}}],"collection":[{"href":"https:\/\/elluchador.info\/index.php?rest_route=\/wp\/v2\/posts"}],"about":[{"href":"https:\/\/elluchador.info\/index.php?rest_route=\/wp\/v2\/types\/post"}],"author":[{"embeddable":true,"href":"https:\/\/elluchador.info\/index.php?rest_route=\/wp\/v2\/users\/2"}],"replies":[{"embeddable":true,"href":"https:\/\/elluchador.info\/index.php?rest_route=%2Fwp%2Fv2%2Fcomments&post=300878"}],"version-history":[{"count":1,"href":"https:\/\/elluchador.info\/index.php?rest_route=\/wp\/v2\/posts\/300878\/revisions"}],"predecessor-version":[{"id":300880,"href":"https:\/\/elluchador.info\/index.php?rest_route=\/wp\/v2\/posts\/300878\/revisions\/300880"}],"wp:featuredmedia":[{"embeddable":true,"href":"https:\/\/elluchador.info\/index.php?rest_route=\/wp\/v2\/media\/274068"}],"wp:attachment":[{"href":"https:\/\/elluchador.info\/index.php?rest_route=%2Fwp%2Fv2%2Fmedia&parent=300878"}],"wp:term":[{"taxonomy":"category","embeddable":true,"href":"https:\/\/elluchador.info\/index.php?rest_route=%2Fwp%2Fv2%2Fcategories&post=300878"},{"taxonomy":"post_tag","embeddable":true,"href":"https:\/\/elluchador.info\/index.php?rest_route=%2Fwp%2Fv2%2Ftags&post=300878"}],"curies":[{"name":"wp","href":"https:\/\/api.w.org\/{rel}","templated":true}]}}