{"id":300909,"date":"2026-01-27T17:39:00","date_gmt":"2026-01-27T21:39:00","guid":{"rendered":"https:\/\/elluchador.info\/?p=300909"},"modified":"2026-01-27T17:25:35","modified_gmt":"2026-01-27T21:25:35","slug":"ministra-leticia-gomez-y-yulisbeth-garcia-afinan-detalles-para-los-carnavales-turisticos-2026","status":"publish","type":"post","link":"https:\/\/elluchador.info\/?p=300909","title":{"rendered":"Ministra Leticia G\u00f3mez y Yulisbeth Garc\u00eda afinan detalles para los Carnavales Tur\u00edsticos 2026"},"content":{"rendered":"\n<p>Con el objetivo de consolidar al estado Bol\u00edvar como el epicentro cultural y tur\u00edstico de Venezuela, la ministra del Poder Popular para el Turismo, Leticia G\u00f3mez, y la gobernadora del estado Bol\u00edvar, Yulisbeth Garc\u00eda, sostuvieron un encuentro estrat\u00e9gico para coordinar la agenda de los pr\u00f3ximos Carnavales Tur\u00edsticos \u201cPor Amor a Bol\u00edvar 2026\u201d.<\/p>\n\n\n\n<p>\u200bBajo el lema \u201cMi carnaval es hist\u00f3rico y yo tambi\u00e9n\u201d, esta edici\u00f3n busca no solo celebrar la tradici\u00f3n, sino tambi\u00e9n potenciar la actividad econ\u00f3mica y social de la entidad. Durante la mesa de trabajo, ambas autoridades definieron l\u00edneas de acci\u00f3n claras para honrar la identidad regional, con un enfoque especial en el Patrimonio Cultural de El Callao.<\/p>\n\n\n\n<p>\u200bLa ministra Leticia G\u00f3mez, ratific\u00f3 el respaldo absoluto del Ministerio (Mintur), para garantizar el \u00e9xito de las festividades, siguiendo las directrices de la presidenta encargada de la Rep\u00fablica, Delcy Rodr\u00edguez, orientadas al fortalecimiento del motor turismo a nivel nacional.<\/p>\n\n\n\n<p>\u200b\u00bbEste esfuerzo conjunto busca resaltar la identidad hist\u00f3rica de nuestra regi\u00f3n. Queremos asegurar que tanto los habitantes locales como los visitantes disfruten de una experiencia que ponga en valor el patrimonio de El Callao y sus zonas adyacentes\u00bb, enfatiz\u00f3 la ministra G\u00f3mez.<\/p>\n\n\n\n<p>\u200bLa reuni\u00f3n concluy\u00f3 con el compromiso de convertir los Carnavales 2026 en un referente de organizaci\u00f3n y fervor popular, reafirmando que el estado Bol\u00edvar sigue siendo el coraz\u00f3n hist\u00f3rico y cultural de la naci\u00f3n.<br>\u200b<br>Con informaci\u00f3n de <strong>agencias<\/strong><\/p>\n\n\n\n<p><\/p>\n","protected":false},"excerpt":{"rendered":"<p>Con el objetivo de consolidar al estado Bol\u00edvar como el epicentro cultural y tur\u00edstico de Venezuela, la ministra del Poder Popular para el Turismo, Leticia G\u00f3mez, y la gobernadora del estado Bol\u00edvar, Yulisbeth Garc\u00eda, sostuvieron un encuentro estrat\u00e9gico para coordinar la agenda de los pr\u00f3ximos Carnavales Tur\u00edsticos \u201cPor Amor a Bol\u00edvar 2026\u201d. \u200bBajo el lema [&hellip;]<\/p>\n","protected":false},"author":38,"featured_media":300910,"comment_status":"closed","ping_status":"closed","sticky":false,"template":"","format":"standard","meta":{"footnotes":""},"categories":[12],"tags":[185,105],"class_list":{"0":"post-300909","1":"post","2":"type-post","3":"status-publish","4":"format-standard","5":"has-post-thumbnail","7":"category-regionales","8":"tag-bolivar","9":"tag-venezuela"},"_links":{"self":[{"href":"https:\/\/elluchador.info\/index.php?rest_route=\/wp\/v2\/posts\/300909","targetHints":{"allow":["GET"]}}],"collection":[{"href":"https:\/\/elluchador.info\/index.php?rest_route=\/wp\/v2\/posts"}],"about":[{"href":"https:\/\/elluchador.info\/index.php?rest_route=\/wp\/v2\/types\/post"}],"author":[{"embeddable":true,"href":"https:\/\/elluchador.info\/index.php?rest_route=\/wp\/v2\/users\/38"}],"replies":[{"embeddable":true,"href":"https:\/\/elluchador.info\/index.php?rest_route=%2Fwp%2Fv2%2Fcomments&post=300909"}],"version-history":[{"count":1,"href":"https:\/\/elluchador.info\/index.php?rest_route=\/wp\/v2\/posts\/300909\/revisions"}],"predecessor-version":[{"id":300911,"href":"https:\/\/elluchador.info\/index.php?rest_route=\/wp\/v2\/posts\/300909\/revisions\/300911"}],"wp:featuredmedia":[{"embeddable":true,"href":"https:\/\/elluchador.info\/index.php?rest_route=\/wp\/v2\/media\/300910"}],"wp:attachment":[{"href":"https:\/\/elluchador.info\/index.php?rest_route=%2Fwp%2Fv2%2Fmedia&parent=300909"}],"wp:term":[{"taxonomy":"category","embeddable":true,"href":"https:\/\/elluchador.info\/index.php?rest_route=%2Fwp%2Fv2%2Fcategories&post=300909"},{"taxonomy":"post_tag","embeddable":true,"href":"https:\/\/elluchador.info\/index.php?rest_route=%2Fwp%2Fv2%2Ftags&post=300909"}],"curies":[{"name":"wp","href":"https:\/\/api.w.org\/{rel}","templated":true}]}}